{"id":10219,"date":"2022-11-13T22:07:37","date_gmt":"2022-11-13T22:07:37","guid":{"rendered":"https:\/\/student.mads.org\/journal\/?p=10219"},"modified":"2022-11-13T22:07:37","modified_gmt":"2022-11-13T22:07:37","slug":"rencontre-a-villiers-le-bel","status":"publish","type":"post","link":"https:\/\/student.mads.org\/journal\/rencontre-a-villiers-le-bel\/","title":{"rendered":"Rencontre a villiers le bel"},"content":{"rendered":"<p>7 days ago Les hommes de Franck Haise ont c\u00e9d\u00e9 dans les derniers instants de la rencontre alors quils menaient deux buts \u00e0 z\u00e9ro Sep 9, 2020 UNISAP 95 a rencontr\u00e9 Mme SLAOUI, Charg\u00e9e de mission de lassociation Action dAvenir \u00e0 Villiers-le-Bel, le 09 Septembre 2020 <img decoding=\"async\" src=\"https:\/\/upload.wikimedia.org\/wikipedia\/commons\/3\/3b\/MairieDeVilliersLeBel.jpg\" alt=\"rencontre a villiers le bel\" align=\"right\"> Un service de m\u00e9diation familiale; Un espace rencontre et des visites en. Sont r\u00e9partis sur les sites de Pontoise, Villiers-le-Bel, Cergy et Argenteuil et sociale en Ile-de-France: \u00c9couen et Villiers-le-Bel 1560-1685 J\u00e9r\u00f4me-Luther Viret. Plus la gamme des m\u00e9tiers que lon y rencontre s\u00e9largit4 Le Pr\u00e9sident de la R\u00e9publique a choisi daller \u00e0 la rencontre de jeunes \u00e0 lInstitut des M\u00e9tiers et de lArtisanat, de Villiers-Le-Bel dans le Val dOise Site de rencontre s\u00e9rieux pour faire des rencontres \u00e0 proximit\u00e9 de Villiers Le Bel. Trouver quelquun dans ma ville, mon d\u00e9partement ou ma r\u00e9gion.-268 Venez rencontrer gratuitement des Hommes et femmes c\u00e9libataires de Villiers-le-Bel qui ont les m\u00eames affinit\u00e9s que vous. Faites des rencontres s\u00e9rieuses et Villiers le Bel JS. Club; Football. Club; Football. Baba Kone. Atigou Bah. Marvin Bitor. Emr\u00e9 topsu. Romuald Diaz-oliva. Ethan Sigic. Florian Lesire <img decoding=\"async\" src=\"https:\/\/c8.alamy.com\/compfr\/2e90brc\/le-maire-de-villiers-le-bel-didier-vaillant-accompagne-des-avocats-des-deux-familles-arrive-a-l-elysee-pour-une-rencontre-avec-le-president-nicolas-sarkozy-a-paris-en-france-le-28-novembre-2007-moushin-et-larami-sont-morts-apres-une-collision-entre-une-moto-et-une-voiture-de-police-a-villiers-le-bel-dans-la-banlieue-nord-de-paris-photo-de-nicolas-khayat-abacapress-com-2e90brc.jpg\" alt=\"rencontre a villiers le bel\" align=\"center\"> <img decoding=\"async\" src=\"https:\/\/www.jecontacte.org\/v3\/l\/o\/l\/vbth\/3290533923_1596381452.jpg\" alt=\"rencontre a villiers le bel\" align=\"left\"> ACINA a d\u00e9sormais une nouvelle antenne dans le d\u00e9partement du Val dOise \u00e0 Villiers-le-Bel. Un lieu convivial propice \u00e0 la rencontre et aux \u00e9changes Vous privil\u00e9giez les rencontres avec des femmes libres \u00e0 Villiers-le-Bel. Vous souhaitez plut\u00f4t passer un moment avec une femme de joie de Villiers-le-Bel Rencontre gratuite: Femmes c\u00e9libataires qui recherchent une relation durable et s\u00e9rieuse sur Villiers-le-Bel et dans le d\u00e9partement de Seine-et-Marne Rencontre avec Estelle-Sarah Bulle, romanci\u00e8re, \u00e0 la m\u00e9diath\u00e8que Aim\u00e9 C\u00e9saire. Mardi 28 janvier \u00e0 19h: m\u00e9diath\u00e8que Aim\u00e9 C\u00e9saire \u00e0 Villiers-le-Bel Entr\u00e9e Dec 9, 2021 Samedi: 09: 00 \u00e0 12: 00 Permanences d\u00e9tat civil et rencontre avec un \u00e9lu. Vous pouvez t\u00e9l\u00e9phoner \u00e0 la mairie de Villiers-le-Bel aux Faites une rencontre sur Villiers-le-Bel, rencontrez hommes et femmes sur Meetcrunch, le site de rencontres gratuit \u00e0 Villiers-le-Bel Les sites de rencontres s\u00e9rieux et reconnus Meetic: le site de rencontre N1 en France Depuis plusieurs ann\u00e9es, se positionne \u00e0 la premi\u00e8re place des dEstcembecq Villiers, fille de Pierre, feigneur de Villiers-le-Bel. Prisonnier en 1421 en une rencontre pr\u00e8s de Mons en seigneur de Nielles Villiers-le-Bel, \u00e0 pied, couvert de poussi\u00e8re et de sueur, de d\u00e9penser quinze sous, quinze sous r\u00e9serv\u00e9s \u00e0 la dame de lorsquil fut rencontr\u00e9 Rencontre trouajus. Age: 29 ans. Pays: France Ville: Villiers-le-Bel. Description: je me d\u00e9place chez un actif domi hard sans tabou qui veut mettre mes Bures sur yvette site rencontre amicale \u00eele de r\u00e9 rencontres femmes seniors cherche femme pour mariage sur casteljaloux, rencontrer femme en s\u00e8vres molsheim.<\/p>\n","protected":false},"excerpt":{"rendered":"<p>7 days ago Les hommes de Franck Haise ont c\u00e9d\u00e9 dans les derniers instants de la rencontre alors quils menaient deux buts \u00e0 z\u00e9ro Sep 9, 2020 UNISAP 95 a rencontr\u00e9 Mme SLAOUI, Charg\u00e9e de mission de lassociation Action dAvenir \u00e0 Villiers-le-Bel, le 09 Septembre 2020 Un service de m\u00e9diation familiale; Un espace rencontre et [&hellip;]<\/p>\n","protected":false},"author":1,"featured_media":0,"comment_status":"closed","ping_status":"closed","sticky":false,"template":"","format":"standard","meta":{"footnotes":""},"categories":[],"tags":[],"class_list":["post-10219","post","type-post","status-publish","format-standard","hentry"],"_links":{"self":[{"href":"https:\/\/student.mads.org\/journal\/wp-json\/wp\/v2\/posts\/10219","targetHints":{"allow":["GET"]}}],"collection":[{"href":"https:\/\/student.mads.org\/journal\/wp-json\/wp\/v2\/posts"}],"about":[{"href":"https:\/\/student.mads.org\/journal\/wp-json\/wp\/v2\/types\/post"}],"author":[{"embeddable":true,"href":"https:\/\/student.mads.org\/journal\/wp-json\/wp\/v2\/users\/1"}],"replies":[{"embeddable":true,"href":"https:\/\/student.mads.org\/journal\/wp-json\/wp\/v2\/comments?post=10219"}],"version-history":[{"count":0,"href":"https:\/\/student.mads.org\/journal\/wp-json\/wp\/v2\/posts\/10219\/revisions"}],"wp:attachment":[{"href":"https:\/\/student.mads.org\/journal\/wp-json\/wp\/v2\/media?parent=10219"}],"wp:term":[{"taxonomy":"category","embeddable":true,"href":"https:\/\/student.mads.org\/journal\/wp-json\/wp\/v2\/categories?post=10219"},{"taxonomy":"post_tag","embeddable":true,"href":"https:\/\/student.mads.org\/journal\/wp-json\/wp\/v2\/tags?post=10219"}],"curies":[{"name":"wp","href":"https:\/\/api.w.org\/{rel}","templated":true}]}}