{"id":10483,"date":"2022-11-13T22:32:52","date_gmt":"2022-11-13T22:32:52","guid":{"rendered":"https:\/\/student.mads.org\/journal\/?p=10483"},"modified":"2022-11-13T22:32:52","modified_gmt":"2022-11-13T22:32:52","slug":"rencontre-obama-castro","status":"publish","type":"post","link":"https:\/\/student.mads.org\/journal\/rencontre-obama-castro\/","title":{"rendered":"Rencontre obama castro"},"content":{"rendered":"<p>Apr 10, 2015 Barack Obama rencontre Raul Castro: un \u00e9change historique attendu. Les deux chefs d\u00c9tat sont arriv\u00e9s au Panama \u00e0 loccasion du Sommet des Feb 1, 2016 Monsieur le pr\u00e9sident, cher Ra\u00fal CASTRO, Ont \u00e9t\u00e9 accomplis ces derniers mois par le pr\u00e9sident OBAMA mais le plus important reste \u00e0 venir Mar 21, 2016 Le pr\u00e9sident des Etats-Unis, Barack Obama, et le pr\u00e9sident de Cuba, Ra\u00fal Castro se sont rencontr\u00e9s lundi \u00e0 La Havane, sur l\u00eele de Cuba Mar 22, 2016 Le pr\u00e9sident am\u00e9ricain Barack Obama avait dit r\u00e9cemment \u00eatre heureux de rencontrer Fidel Castro pour refermer ce chapitre de la guerre <img decoding=\"async\" src=\"https:\/\/s.france24.com\/media\/display\/317546c2-12d5-11e9-9da1-005056bff430\/w:1280\/p:16x9\/2015-04-12_0130_fr_nw_pkg_panama_rencontre_castro_obama_01h.jpeg\" alt=\"rencontre obama castro\" align=\"center\"> Apr 10, 2015 Rencontre charni\u00e8re entre Barack Obama et Raul Castro au Sommet des Am\u00e9riques Le Journal du matin 3 min. Le 10 avril 2015 Mar 21, 2016 En atterrissant sur le sol cubain, Barack Obama met un terme \u00e0 88 ans de guerre-froide entre les deux pays. Une rencontre historique depuis Apr 11, 2015 Les pr\u00e9sidents am\u00e9ricain Barack Obama et cubain Raul Castro se sont r\u00e9unis samedi au Panama pour un entretien historique, le premier entre <img decoding=\"async\" src=\"https:\/\/i.la-croix.com\/350x250\/smart\/2015\/04\/10\/1300968\/Un-officier-police-panameen-devant-centre-deroule-sommet-Amerique-Panama-edition-historique-vont-rencontrer-officiellement-presidents-americain-Barack-Obama-cubain-Raul-Castro_0.jpg\" alt=\"rencontre obama castro\" align=\"left\"> Sep 29, 2015 Le pr\u00e9sident am\u00e9ricain Barack Obama a rencontr\u00e9 mardi son homologue cubain Raul Castro \u00e0 New York, en marge de lAssembl\u00e9e g\u00e9n\u00e9rale de lONU May 31, 2015 restera marqu\u00e9 par la rencontre historique entre le pr\u00e9sident am\u00e9ricain, Barack Obama, et son homologue cubain, Raul Castro. Apr\u00e8s plus de <img decoding=\"async\" src=\"https:\/\/i.f1g.fr\/media\/figaro\/704x396_crop\/2016\/03\/21\/XVM05945f12-ef78-11e5-a4c6-0c97d29af615-805x453.jpg\" alt=\"rencontre obama castro\" align=\"center\"> Apr 12, 2015 La rencontre entre les pr\u00e9sidents am\u00e9ricain et cubain aura des cons\u00e9quences dans les relations continentales, m\u00eame si les d\u00e9saccords restent Jean-Michel Vaubien, n\u00e9 le 16 janvier 1980, est un com\u00e9dien, chanteur et danseur fran\u00e7ais. 2018: Le Flic de Belleville: le pilote dh\u00e9licopt\u00e8re Antun Castro Apr 11, 2015 Rencontre historique entre Barack Obama et Raul Castro. Jim Kuhnhenn et Josh Lederma. Associated Press. Les chefs d\u00c9tat des \u00c9tats-Unis et Nov 17, 2019 Le 21 mars 2016, lors dune visite historique \u00e0 La Havane, le pr\u00e9sident am\u00e9ricain Barack Obama rencontre son homologue cubain Raul Castro Apr 10, 2015 Raul Castro et Barack Obama doivent appara\u00eetre ensemble vendredi soir \u00e0 loccasion du Sommet des Am\u00e9riques Le pr\u00e9sident am\u00e9ricain Barack Obama a entam\u00e9 lundi 21 mars des entretiens avec son homologue cubain Raul Apr 11, 2015 Les pr\u00e9sidents am\u00e9ricain Barack Obama et cubain Raul Castro se sont r\u00e9unis samedi au Panama pour un entretien historique, le premier entre Apr 13, 2021 Les journaux imprim\u00e9s, les agences de presse, des stations de radio et des cha\u00eenes de t\u00e9l\u00e9vision du monde entier continuent \u00e0 se faire Jun 25, 2015 Les pr\u00e9sidents am\u00e9ricain Barack Obama et cubain Raul Castro se retrouvent samedi \u00e0 Panama pour des entretiens historiques, quelques heures Mar 22, 2016 Les rumeurs r\u00e9currentes sur une \u00e9ventuelle rencontre avec le leader maximo, \u00e9loign\u00e9 du pouvoir depuis une d\u00e9cennie en raison de probl\u00e8mes de Apr 18, 2015 Rencontre historique entre Obama et Raul Castro. Temps fort cette semaine, le d\u00e9gel des relations entre Cuba et les Etats-Unis \u00e0 loccasion.<\/p>\n","protected":false},"excerpt":{"rendered":"<p>Apr 10, 2015 Barack Obama rencontre Raul Castro: un \u00e9change historique attendu. Les deux chefs d\u00c9tat sont arriv\u00e9s au Panama \u00e0 loccasion du Sommet des Feb 1, 2016 Monsieur le pr\u00e9sident, cher Ra\u00fal CASTRO, Ont \u00e9t\u00e9 accomplis ces derniers mois par le pr\u00e9sident OBAMA mais le plus important reste \u00e0 venir Mar 21, 2016 Le [&hellip;]<\/p>\n","protected":false},"author":1,"featured_media":0,"comment_status":"closed","ping_status":"closed","sticky":false,"template":"","format":"standard","meta":{"footnotes":""},"categories":[],"tags":[],"class_list":["post-10483","post","type-post","status-publish","format-standard","hentry"],"_links":{"self":[{"href":"https:\/\/student.mads.org\/journal\/wp-json\/wp\/v2\/posts\/10483","targetHints":{"allow":["GET"]}}],"collection":[{"href":"https:\/\/student.mads.org\/journal\/wp-json\/wp\/v2\/posts"}],"about":[{"href":"https:\/\/student.mads.org\/journal\/wp-json\/wp\/v2\/types\/post"}],"author":[{"embeddable":true,"href":"https:\/\/student.mads.org\/journal\/wp-json\/wp\/v2\/users\/1"}],"replies":[{"embeddable":true,"href":"https:\/\/student.mads.org\/journal\/wp-json\/wp\/v2\/comments?post=10483"}],"version-history":[{"count":0,"href":"https:\/\/student.mads.org\/journal\/wp-json\/wp\/v2\/posts\/10483\/revisions"}],"wp:attachment":[{"href":"https:\/\/student.mads.org\/journal\/wp-json\/wp\/v2\/media?parent=10483"}],"wp:term":[{"taxonomy":"category","embeddable":true,"href":"https:\/\/student.mads.org\/journal\/wp-json\/wp\/v2\/categories?post=10483"},{"taxonomy":"post_tag","embeddable":true,"href":"https:\/\/student.mads.org\/journal\/wp-json\/wp\/v2\/tags?post=10483"}],"curies":[{"name":"wp","href":"https:\/\/api.w.org\/{rel}","templated":true}]}}