{"id":10519,"date":"2022-11-13T22:36:02","date_gmt":"2022-11-13T22:36:02","guid":{"rendered":"https:\/\/student.mads.org\/journal\/?p=10519"},"modified":"2022-11-13T22:36:02","modified_gmt":"2022-11-13T22:36:02","slug":"rencontre-jardinier","status":"publish","type":"post","link":"https:\/\/student.mads.org\/journal\/rencontre-jardinier\/","title":{"rendered":"Rencontre jardinier"},"content":{"rendered":"<p>LOrangerie du Jardin des Plantes. INFOS FR ENG. Rencontre professionnelle. Art, Recherche et Enseignement Sup\u00e9rieur. Vendredi 21 mai 2021 <img decoding=\"async\" src=\"https:\/\/langerienlibre.fr\/wp-content\/uploads\/2016\/11\/Villeneuve-la-C-jardiniers-en-herbe-1-630x409.jpg\" alt=\"rencontre jardinier\" align=\"right\"> Rencontre au jardin. Par Odile Bailloeul. Le 25062021 Partager. Cest plus rigolo de trier les petits fruits quand on papote avec une vieille copine Apr 25, 2019 Le r\u00e9cit de la rencontre entre Marie de Magdala et le Ressuscit\u00e9 20, 11-18 est en fait une triple rencontre: celle avec deux anges Pr\u00e8s de Nantes. Rencontre avec le jardinier-paysagiste Gilles Cl\u00e9ment \u00e0 La Haye-Fouassi\u00e8re. Logo Ouest-France. Mardi 02 novembre 2021 16: 42 <img decoding=\"async\" src=\"https:\/\/images.lanouvellerepublique.fr\/image\/upload\/t_1020w\/613d4dfbd64c64c32c8b4891.jpg\" alt=\"rencontre jardinier\" align=\"center\"> May 15, 2021 Gilbert Vah\u00e9, le jardinier fid\u00e8le de la fondation Claude-Monet \u00e0 Giverny, dans lEure, livre dans un ouvrage passionnant la somme dune vie Jul 15, 2020 Rencontre au jardin-Artiste invit\u00e9: Rapha\u00ebl Mognetti, sculpteur. Il appr\u00e9cie les rencontres et les collaborations artistiques avec des Marianne, pr\u00e9sidente de Marseille Autrement, vous propose de le rencontrer et de tester ses conseils en prenant exemple sur les deux terrasses et le jardin de Jeanne rencontre un litige avec un jardinier malhonn\u00eate. 30 mai 2021. Retrouvez cet article sur Europe1. \u00c0 lire \u00e9galement 20minutes. Fr Site de rencontre pour rencontrer un homme jardinier. Jai 38ans jardinier 1 fille jaime le sport la nature et la cuisine Oct 18, 2014 Potager et l\u00e9gumes: Les Jardins dOrsan sont construits suivant les deux id\u00e9aux: lutilitaire et le symbolique Gilles Guillot est un les travaux dHafiz Adem, un dessinateur et jardinier soudanais r\u00e9fugi\u00e9 que. Nous vous invitons \u00e0 le rencontrer afin quil vous pr\u00e9sente ses dessins Mar 5, 2021 REPORTAGE-Ce vendredi, nous sommes avec un futur jardinier paysagiste \u00e0 Salon-de-Provence. R\u00e9gions: video, Compagnons du devoir: \u00e0 la <img decoding=\"async\" src=\"https:\/\/langerienlibre.fr\/wp-content\/uploads\/2016\/11\/Villeneuve-la-C-jardiniers-en-herbe-1-630x409.jpg\" alt=\"rencontre jardinier\" align=\"center\"> \u00c0 la rencontre dAnne Cabrol, paysagiste. Anne exerce son m\u00e9tier depuis 10 ans. Elle est la premi\u00e8re femme \u00e0 \u00eatre \u00e9lue, en 2017, Ma\u00eetre Jardinier Site officiel de la mairie de jardin. Pr\u00e9sentation du village, de l\u00e9quipe. RENCONTRE AVEC UN MUSCHER. Organisateur: 19H00-Salle Jean Monnet Comment mettre la nature au coeur de nos projets d\u02bcam\u00e9nagement. Au niveau du jardin, de la commune, de la m\u00e9tropole, de la r\u00e9gion, du pays, du continent Jun 9, 2020 Prochaine rencontre du R\u00e9seau des Jardiniers. Philippe, Ga\u00eblle et Fanny nous accueille dans leur jardin partag\u00e9 Tout Y Pousse \u00e0 Tr\u00e9zioux Sep 6, 2018 \u00c9T\u00c9. CIT\u00c9S-JARDINS AU SOLEIL UN JARDIN DE POCHE Rencontre de jardiniers Animation propos\u00e9e par Le club des jardiniers et r\u00e9serv\u00e9e aux Cuisine Chambre Salle de bain Chambre b\u00e9b\u00e9 et enfant Bureau Entr\u00e9e Buanderie et garage Jardin, terrasse et balcon IKEA pour les pros Sep 25, 2014 Profession: Jardinier-berger. Rencontre avec Olivier Marcouyoux. Enfant, il cultivait d\u00e9j\u00e0 une passion pour le jardinage, mais, il y a encore Sep 5, 2020 Lassociation Cordemais en permaculture propose une rencontre au jardin partag\u00e9 de la Quenaudais Sep 18, 2017 1\u00e8re rencontre des Jardiniers Nomades Lundi 18 septembre 18h30. Les jardiniers nomades sont un groupe d Ecossiens d\u00e9sireux de se 1 day ago Apr\u00e8s une premi\u00e8re rencontre le mois dernier, entre 7 \u00e9l\u00e8ves de 3\u00e8me. Avec de la lavande, cultiv\u00e9e dans le jardin p\u00e9dagogique du coll\u00e8ge Sep 23, 2021 Les diff\u00e9rents acteurs du Jardin du Partage, jardiniers, b\u00e9n\u00e9voles, propri\u00e9taires se sont rencontr\u00e9s, samedi 18 septembre, pour \u00e9changer.<\/p>\n","protected":false},"excerpt":{"rendered":"<p>LOrangerie du Jardin des Plantes. INFOS FR ENG. Rencontre professionnelle. Art, Recherche et Enseignement Sup\u00e9rieur. Vendredi 21 mai 2021 Rencontre au jardin. Par Odile Bailloeul. Le 25062021 Partager. Cest plus rigolo de trier les petits fruits quand on papote avec une vieille copine Apr 25, 2019 Le r\u00e9cit de la rencontre entre Marie de Magdala [&hellip;]<\/p>\n","protected":false},"author":1,"featured_media":0,"comment_status":"closed","ping_status":"closed","sticky":false,"template":"","format":"standard","meta":{"footnotes":""},"categories":[],"tags":[],"class_list":["post-10519","post","type-post","status-publish","format-standard","hentry"],"_links":{"self":[{"href":"https:\/\/student.mads.org\/journal\/wp-json\/wp\/v2\/posts\/10519","targetHints":{"allow":["GET"]}}],"collection":[{"href":"https:\/\/student.mads.org\/journal\/wp-json\/wp\/v2\/posts"}],"about":[{"href":"https:\/\/student.mads.org\/journal\/wp-json\/wp\/v2\/types\/post"}],"author":[{"embeddable":true,"href":"https:\/\/student.mads.org\/journal\/wp-json\/wp\/v2\/users\/1"}],"replies":[{"embeddable":true,"href":"https:\/\/student.mads.org\/journal\/wp-json\/wp\/v2\/comments?post=10519"}],"version-history":[{"count":0,"href":"https:\/\/student.mads.org\/journal\/wp-json\/wp\/v2\/posts\/10519\/revisions"}],"wp:attachment":[{"href":"https:\/\/student.mads.org\/journal\/wp-json\/wp\/v2\/media?parent=10519"}],"wp:term":[{"taxonomy":"category","embeddable":true,"href":"https:\/\/student.mads.org\/journal\/wp-json\/wp\/v2\/categories?post=10519"},{"taxonomy":"post_tag","embeddable":true,"href":"https:\/\/student.mads.org\/journal\/wp-json\/wp\/v2\/tags?post=10519"}],"curies":[{"name":"wp","href":"https:\/\/api.w.org\/{rel}","templated":true}]}}