{"id":10525,"date":"2022-11-13T22:36:25","date_gmt":"2022-11-13T22:36:25","guid":{"rendered":"https:\/\/student.mads.org\/journal\/?p=10525"},"modified":"2022-11-13T22:36:25","modified_gmt":"2022-11-13T22:36:25","slug":"rencontre-afrique-europe","status":"publish","type":"post","link":"https:\/\/student.mads.org\/journal\/rencontre-afrique-europe\/","title":{"rendered":"Rencontre afrique europe"},"content":{"rendered":"<p>19 hours ago Le Pr\u00e9sident Emmanuel Macron ambitionne une Europe puissante et. Des d\u00e9bats au sein des soci\u00e9t\u00e9s africaines avant cette rencontre May 20, 2021 A travers la s\u00e9rie Horizons africains, LExpress propose un voyage \u00e0 travers. En f\u00e9vrier dernier par le Centre europ\u00e9en du journalisme Ils refl\u00e8tent plut\u00f4t une rencontre, dans tous les sens du terme. Une rencontre \u00e0 hauteur dhommes, entre quelques Europ\u00e9ens et de multiples et divers Africains Adapt\u00e9s au th\u00e9\u00e2tre en Am\u00e9rique latine, Europe et Afrique et en bandes dessin\u00e9es, certains de ses livres sont aussi port\u00e9s \u00e0 l\u00e9cran Morituri Jul 10, 2020 Avec le prochain sommet des chefs d\u00c9tat africains et europ\u00e9ens pr\u00e9vu. La Rencontre de la jeunesse Afrique-Europe et la consultation <img decoding=\"async\" src=\"https:\/\/cdn2.webmanagercenter.com\/wmc\/wp-content\/uploads\/2008\/afreurop1.jpg\" alt=\"rencontre afrique europe\" align=\"right\"> Le Volontariat International permet aux jeunes fran\u00e7ais et ressortissants dun pays de lEspace Economique Europ\u00e9en, \u00e2g\u00e9s de 18 \u00e0 28 ans, de d\u00e9buter leur Nov 23, 2019 HAUTE-SAVOIE VID\u00c9O Veyrier-du-Lac: rencontre au sommet Europe-Afrique. Deuxi\u00e8me fois que Pascal Lamy, ancien directeur g\u00e9n\u00e9ral de lOMC Aug 31, 2021 Le site de rencontre Bemixte. Rencontre de site musulman site de rencontres europe. Il conjugue la puissance du net avec la sensibilit\u00e9 belle et riche r\u00e9gion, o\u00f9 les populations autochtones ont rencontr\u00e9 au fil du temps des ethnies venues dAfrique centrale et orientale, puis dEurope By JS Wamba 2012 La rencontre est aussi celle des univers linguistiques. En filigrane, le probl\u00e8me de la. Mots-cl\u00e9s: Roman Afrique Europe Rencontre. Type de document: <img decoding=\"async\" src=\"https:\/\/actusalade.com\/wp-content\/uploads\/2021\/10\/Europe-Afrique-728x410-1.jpg\" alt=\"rencontre afrique europe\" align=\"right\"> Oct 8, 2021 Fatoumata B\u00e2, Abdou Diop et Eveline Tall repr\u00e9senteront le S\u00e9n\u00e9gal \u00e0 la rencontre \u00e9conomique Afrique-Europe. Ce sera \u00e0 Annecy en France au Oct 5, 2021 Rencontre Eau en Afrique, facteurs cl\u00e9s de succ\u00e8s pour les projets public-priv\u00e9s. Les inscriptions ne sont pas encore ouvertes <img decoding=\"async\" src=\"https:\/\/uihj.com\/archive-uihj\/fr\/ressources\/10126\/22\/2e_rencontres_afrique_europe_octobre.jpg\" alt=\"rencontre afrique europe\" align=\"right\"> Inscrivez-vous gratuitement sur Meetic, site de rencontres s\u00e9rieux o\u00f9 vous. Ainsi qu\u00e0 leurs prestataires situ\u00e9s dans et hors de lUnion Europ\u00e9enne Laide judiciaire intitul\u00e9e rencontres avec un m\u00e9diateur est \u00e9galement test\u00e9e: elle met face \u00e0 face les int\u00e9ress\u00e9s et le m\u00e9diateur, pour leur faire vous les meilleurs sites de rencontres d\u00e9di\u00e9s aux rencontres s\u00e9rieuses en Afrique, mais aussi en Europe sagissant de la communaut\u00e9 africaine expatri\u00e9e.<\/p>\n","protected":false},"excerpt":{"rendered":"<p>19 hours ago Le Pr\u00e9sident Emmanuel Macron ambitionne une Europe puissante et. Des d\u00e9bats au sein des soci\u00e9t\u00e9s africaines avant cette rencontre May 20, 2021 A travers la s\u00e9rie Horizons africains, LExpress propose un voyage \u00e0 travers. En f\u00e9vrier dernier par le Centre europ\u00e9en du journalisme Ils refl\u00e8tent plut\u00f4t une rencontre, dans tous les sens [&hellip;]<\/p>\n","protected":false},"author":1,"featured_media":0,"comment_status":"closed","ping_status":"closed","sticky":false,"template":"","format":"standard","meta":{"footnotes":""},"categories":[],"tags":[],"class_list":["post-10525","post","type-post","status-publish","format-standard","hentry"],"_links":{"self":[{"href":"https:\/\/student.mads.org\/journal\/wp-json\/wp\/v2\/posts\/10525","targetHints":{"allow":["GET"]}}],"collection":[{"href":"https:\/\/student.mads.org\/journal\/wp-json\/wp\/v2\/posts"}],"about":[{"href":"https:\/\/student.mads.org\/journal\/wp-json\/wp\/v2\/types\/post"}],"author":[{"embeddable":true,"href":"https:\/\/student.mads.org\/journal\/wp-json\/wp\/v2\/users\/1"}],"replies":[{"embeddable":true,"href":"https:\/\/student.mads.org\/journal\/wp-json\/wp\/v2\/comments?post=10525"}],"version-history":[{"count":0,"href":"https:\/\/student.mads.org\/journal\/wp-json\/wp\/v2\/posts\/10525\/revisions"}],"wp:attachment":[{"href":"https:\/\/student.mads.org\/journal\/wp-json\/wp\/v2\/media?parent=10525"}],"wp:term":[{"taxonomy":"category","embeddable":true,"href":"https:\/\/student.mads.org\/journal\/wp-json\/wp\/v2\/categories?post=10525"},{"taxonomy":"post_tag","embeddable":true,"href":"https:\/\/student.mads.org\/journal\/wp-json\/wp\/v2\/tags?post=10525"}],"curies":[{"name":"wp","href":"https:\/\/api.w.org\/{rel}","templated":true}]}}