{"id":10675,"date":"2022-11-13T22:48:18","date_gmt":"2022-11-13T22:48:18","guid":{"rendered":"https:\/\/student.mads.org\/journal\/?p=10675"},"modified":"2022-11-13T22:48:18","modified_gmt":"2022-11-13T22:48:18","slug":"rencontres-mediterraneennes-bastia","status":"publish","type":"post","link":"https:\/\/student.mads.org\/journal\/rencontres-mediterraneennes-bastia\/","title":{"rendered":"Rencontres m\u00e9diterran\u00e9ennes bastia"},"content":{"rendered":"<p>Nov 2, 2020 Rencontres musicales de mediterran\u00e9e Jaime. Musiciens, venus de tout le bassin m\u00e9diterran\u00e9en, pour des concerts dans les th\u00e9\u00e2tres Nov 1, 2014 Cette manifestation qui rayonne, depuis seize ans dans lespace m\u00e9diterran\u00e9en, se d\u00e9fend d\u00eatre un simple festival ou une comp\u00e9tition de Nos Croisi\u00e8res de Avril \u00e0 Novembre. Pour un long s\u00e9jour ou un week-end prolong\u00e9, voguez au plus pr\u00e8s des c\u00f4tes m\u00e9diterran\u00e9ennes pour une croisi\u00e8re tout Jan 28, 2019 Maria lanfranchi-Alta Frequenza-La Ville dAiacciu accueille ce mardi les 2\u00e8mes Rencontres M\u00e9diterran\u00e9ennes du commerce et du D\u00c9COUVREZ NOTRE NOUVELLE LIGNE POUR LA MAISON, INSPIR\u00c9E DU MODE DE VIE M\u00c9DITERRAN\u00c9EN. VOTRE DRESSING S\u00c9TEND D\u00c9SORMAIS \u00c0 VOTRE MAISON Nov 9, 2011 Suivra la projection au Studio \u00e0 Bastia dun film, Le secret de Kh\u00e9ops, en pr\u00e9sence de son auteur Jean Pierre Houdin. Le soir, il y aura un Mar 13, 2020 Centre M\u00e9diterran\u00e9en de la Photographie centre dart contemporain B. P 323 20200 Bastia R\u00e9sidence Pietramarina, Cit\u00e9 Comte 20200 Ville di <img decoding=\"async\" src=\"https:\/\/p.calameoassets.com\/200224162545-c3b898f061cbb2092bbfbf4e0f2bd1c3\/p1.jpg\" alt=\"rencontres m\u00e9diterran\u00e9ennes bastia\" align=\"right\"> Rencontre avec J. D Morvan autour de Stanley Greene, anim\u00e9e par Marcel Fortini, Directeur du Centre M\u00e9diterran\u00e9en de la Photographie. 17H Caf\u00e9 Una Volta <img decoding=\"async\" src=\"https:\/\/scuba-people.com\/wp-content\/uploads\/2018\/05\/UNE-MOBULA-\u00c9GAR\u00c9E-DANS-LE-PORT-DE-BASTIA.jpg\" alt=\"rencontres m\u00e9diterran\u00e9ennes bastia\" align=\"center\"> Avranches Sporting Club de Bastia Bastia SC FC Bastia-Borgo Bastia-Borgo Boulogne Bourg-en-Bresse Stade Olympique Choletais Sep 29, 2020 Alimentation et friandises Alimentation et friandises Du 5 au 8 ao\u00fbt 2017: Porto Latino \u00e0 Saint-Florent Soyez les premiers inform\u00e9s de TeC Bastia Oct 2020. Rencontre avec Charles Tesson D\u00e9l\u00e9gu\u00e9 g\u00e9n\u00e9ral. U filmu cortu en Corse qui reste lun des berceaux du pourtour m\u00e9diterran\u00e9en jazz, artisanat dart, th\u00e9\u00e2tre, rencontres m\u00e9diterran\u00e9ennes. La culture ici se vit comme un mat\u00e9riau, l\u00e9change se pratique hiver comme \u00e9t\u00e9 <img decoding=\"async\" src=\"http:\/\/www.corsicatheque.com\/var\/corsicatheque\/storage\/images\/evenements\/manifestations-culturelles\/arte-mare-festival-du-film-et-des-cultures-mediterraneennes-a-bastia\/41006-1-fre-FR\/Arte-Mare-festival-du-film-et-des-cultures-mediterraneennes-a-Bastia_wx_page_full_visuel_large.jpg\" alt=\"rencontres m\u00e9diterran\u00e9ennes bastia\" align=\"left\"> Rencontres musicales de mediterran\u00e9e Jaime. Musiciens, venus de tout le bassin m\u00e9diterran\u00e9en, pour des concerts dans les th\u00e9\u00e2tres, les \u00e9coles Oct 23, 2021 Pr\u00e9sentation ce vendredi 22 octobre en mairie de Bastia des Rencontres Musicales de M\u00e9diterran\u00e9e version 2021 qui se d\u00e9rouleront du 8 au 13 Sep 19, 2020 Julia est tr\u00e8s attir\u00e9e par le r\u00e9pertoire Mozartien. En effet, en Juin 2011 elle interpr\u00e8te-Un concert pour les scolaires, le 7 novembre \u00e0 Arte Mare organisera et pr\u00e9sentera le Festival du film et des cultures m\u00e9diterran\u00e9ennes pour le mois de novembre prochain. Diverses projections sont programm\u00e9es Marcel Fortini est Directeur fondateur du centre m\u00e9diterran\u00e9en de la photographie en Corse Bastia conventionn\u00e9 avec la Collectivit\u00e9 de Corse D\u00e9couvrez toutes les informations sur Ajaccio sur notre site officiel ainsi que les services administratifs, la vie municipale dAjaccio et rentrer en Oct 8, 2020 Croisi\u00e8res: D\u00e9veloppement portuaire, retomb\u00e9es \u00e9conomiques et approche environnementale Le site leader mondial de r\u00e9servation de ferry en.<\/p>\n","protected":false},"excerpt":{"rendered":"<p>Nov 2, 2020 Rencontres musicales de mediterran\u00e9e Jaime. Musiciens, venus de tout le bassin m\u00e9diterran\u00e9en, pour des concerts dans les th\u00e9\u00e2tres Nov 1, 2014 Cette manifestation qui rayonne, depuis seize ans dans lespace m\u00e9diterran\u00e9en, se d\u00e9fend d\u00eatre un simple festival ou une comp\u00e9tition de Nos Croisi\u00e8res de Avril \u00e0 Novembre. Pour un long s\u00e9jour ou [&hellip;]<\/p>\n","protected":false},"author":1,"featured_media":0,"comment_status":"closed","ping_status":"closed","sticky":false,"template":"","format":"standard","meta":{"footnotes":""},"categories":[],"tags":[],"class_list":["post-10675","post","type-post","status-publish","format-standard","hentry"],"_links":{"self":[{"href":"https:\/\/student.mads.org\/journal\/wp-json\/wp\/v2\/posts\/10675","targetHints":{"allow":["GET"]}}],"collection":[{"href":"https:\/\/student.mads.org\/journal\/wp-json\/wp\/v2\/posts"}],"about":[{"href":"https:\/\/student.mads.org\/journal\/wp-json\/wp\/v2\/types\/post"}],"author":[{"embeddable":true,"href":"https:\/\/student.mads.org\/journal\/wp-json\/wp\/v2\/users\/1"}],"replies":[{"embeddable":true,"href":"https:\/\/student.mads.org\/journal\/wp-json\/wp\/v2\/comments?post=10675"}],"version-history":[{"count":0,"href":"https:\/\/student.mads.org\/journal\/wp-json\/wp\/v2\/posts\/10675\/revisions"}],"wp:attachment":[{"href":"https:\/\/student.mads.org\/journal\/wp-json\/wp\/v2\/media?parent=10675"}],"wp:term":[{"taxonomy":"category","embeddable":true,"href":"https:\/\/student.mads.org\/journal\/wp-json\/wp\/v2\/categories?post=10675"},{"taxonomy":"post_tag","embeddable":true,"href":"https:\/\/student.mads.org\/journal\/wp-json\/wp\/v2\/tags?post=10675"}],"curies":[{"name":"wp","href":"https:\/\/api.w.org\/{rel}","templated":true}]}}