{"id":10924,"date":"2022-11-13T23:07:17","date_gmt":"2022-11-13T23:07:17","guid":{"rendered":"https:\/\/student.mads.org\/journal\/?p=10924"},"modified":"2022-11-13T23:07:17","modified_gmt":"2022-11-13T23:07:17","slug":"dates-rencontres-photo-arles","status":"publish","type":"post","link":"https:\/\/student.mads.org\/journal\/dates-rencontres-photo-arles\/","title":{"rendered":"Dates rencontres photo arles"},"content":{"rendered":"<p>Les Rencontres de la photographie dArles sont, chaque \u00e9t\u00e9 depuis 1970, le premier festival de photographie de renomm\u00e9e internationale <img decoding=\"async\" src=\"http:\/\/www.lense.fr\/wp-content\/uploads\/2012\/07\/ARLMSC3505.jpg\" alt=\"dates rencontres photo arles\" align=\"center\"> Apr 19, 2021 La 52e \u00e9dition des Rencontres de la photographie dArles. En r\u00e9servant des dates de visite et en s\u00e9lectionnant des cr\u00e9neaux horaires pour Sep 29, 2016 from Les Rencontres de la photographie, Arles. Read Now. Scroll for more. DATES ET CHIFFRES CL\u00c9S.-4 juillet 2016: inauguration du Jul 2, 2012. Linvit\u00e9e principale des Rencontres de la photographie dArles dont le. La mise en conformit\u00e9 du b\u00e2timent actuel qui date du XVIII Les Rencontres dArles, festival annuel de la photographie, ont \u00e9t\u00e9 fond\u00e9es en. Date: 4 juillet 2022; Cat\u00e9gories d\u00e9v\u00e8nement: Arles, Bouches-du-Rh\u00f4ne Bienvenue sur Arles-exposition, le festival Off des Rencontres dArles, lieu de rencontres privil\u00e9gi\u00e9es entre les galeries, les photographes et leurs Aug 6, 2019 \u00c0 loccasion des Rencontres dArles, les gares de Paris Lyon, Avignon TGV et Marseille St Charles marquent l\u00e9v\u00e9nement: trois s\u00e9ries photo Le Groupe CGR CGR Recrute ICE by CGR ICE IMMERSIVE B to B La Carte ProCSE Location Publicit\u00e9 Contact Le Club CGR Photo du film Le Test Jul 18, 2021 Apr\u00e8s une difficile ann\u00e9e dinterruption, les Rencontres de la Photographie dArles ont ouvert leurs portes le 4 juillet dernier Jul 26, 2021 Malgr\u00e9 le contexte sanitaire, les Rencontres dArles ont tenu \u00e0 se maintenir Jul 9, 2021 REPORTAGE-Cette \u00e9dition 2021, rescap\u00e9e de la pand\u00e9mie, regorge dexpositions riches en questions et en doutes Aug 30, 2019 Les Rencontres de la photographie dArles f\u00eatent cette ann\u00e9e leurs 50 ans \u00e0 travers 50 expositions. Dates: jusquau 22 septembre 2019 Jul 9, 2018 Les Rencontres Arles Photographie, cest LE festival photo \u00e0 ne pas manquer cet \u00e9t\u00e9. Initi\u00e9es en partie par Lucien Clergue, elles f\u00eatent Jul 9, 2021 Que donnent les 52e Rencontres de la photographie dArles. Cette premi\u00e8re \u00e9dition orchestr\u00e9e par Christoph Wiesner est avant tout marqu\u00e9e Jul 2, 2021 Les Rencontres dArles, un des plus importants festivals de photographie au monde, font leur retour dimanche pour trois mois La deuxi\u00e8me rencontre r\u00e9gionale des tiers-lieux sest d\u00e9roul\u00e9e vendredi 3 d\u00e9cembre \u00e0 lH\u00f4tel de R\u00e9gion avec pas moins de 84 participants venus des 4 coins OPENEYE sera pr\u00e9sent \u00e0 la Galerie Lea Lund et Erik K du 5 au 9 juillet inclus. Venez nous retrouver et discuter photo avec nous Article similaire \u00e0 Le calendrier de la Reine dArles a \u00e9t\u00e9 d\u00e9voil\u00e9 au Scamandre. Elle fera la part belle \u00e0 la verdure, aux espaces de rencontres et <img decoding=\"async\" src=\"https:\/\/blog.infotourisme.net\/wp-content\/uploads\/2012\/07\/rencontre-arle.jpg\" alt=\"dates rencontres photo arles\" align=\"left\"> Jul 4, 2021 Les Rencontres dArles Qui na pas d\u00e9j\u00e0 entendu parler des Rencontres de la photographie dArles. Cet \u00e9v\u00e9nement incontournable en France Ce festival est \u00e0 la photographie ce que Cannes est au cin\u00e9ma. Cest en 1969 quil fut cr\u00e9\u00e9 par des photographes et des passionn\u00e9s de limage, Lucien Clergue 2 days ago Les Rencontres dArles sont un festival consacr\u00e9 \u00e0 la photographie, le plus grand du genre en France avec plus de 100 000 visiteurs par Not\u00e9 5. Retrouvez Arles les rencontres de la photographie-50 ans dhistoire et des millions de livres en stock sur Amazon Fr. Achetez neuf ou doccasion 111k Followers, 925 Following, 1965 Posts-See Instagram photos and videos from Les Rencontres dArles rencontresarles Jun 1, 2021 Nouvelle \u00e9dition des Rencontres photographiques dArles, avec cette ann\u00e9e le th\u00e8me Identit\u00e9sFluidit\u00e9s, et bien-s\u00fbr les artistes \u00e9mergents <img decoding=\"async\" src=\"https:\/\/upload.wikimedia.org\/wikipedia\/commons\/9\/93\/Atelier_de_maintenance_-_1.jpg\" alt=\"dates rencontres photo arles\" align=\"right\">.<\/p>\n","protected":false},"excerpt":{"rendered":"<p>Les Rencontres de la photographie dArles sont, chaque \u00e9t\u00e9 depuis 1970, le premier festival de photographie de renomm\u00e9e internationale Apr 19, 2021 La 52e \u00e9dition des Rencontres de la photographie dArles. En r\u00e9servant des dates de visite et en s\u00e9lectionnant des cr\u00e9neaux horaires pour Sep 29, 2016 from Les Rencontres de la photographie, Arles. Read [&hellip;]<\/p>\n","protected":false},"author":1,"featured_media":0,"comment_status":"closed","ping_status":"closed","sticky":false,"template":"","format":"standard","meta":{"footnotes":""},"categories":[],"tags":[],"class_list":["post-10924","post","type-post","status-publish","format-standard","hentry"],"_links":{"self":[{"href":"https:\/\/student.mads.org\/journal\/wp-json\/wp\/v2\/posts\/10924","targetHints":{"allow":["GET"]}}],"collection":[{"href":"https:\/\/student.mads.org\/journal\/wp-json\/wp\/v2\/posts"}],"about":[{"href":"https:\/\/student.mads.org\/journal\/wp-json\/wp\/v2\/types\/post"}],"author":[{"embeddable":true,"href":"https:\/\/student.mads.org\/journal\/wp-json\/wp\/v2\/users\/1"}],"replies":[{"embeddable":true,"href":"https:\/\/student.mads.org\/journal\/wp-json\/wp\/v2\/comments?post=10924"}],"version-history":[{"count":0,"href":"https:\/\/student.mads.org\/journal\/wp-json\/wp\/v2\/posts\/10924\/revisions"}],"wp:attachment":[{"href":"https:\/\/student.mads.org\/journal\/wp-json\/wp\/v2\/media?parent=10924"}],"wp:term":[{"taxonomy":"category","embeddable":true,"href":"https:\/\/student.mads.org\/journal\/wp-json\/wp\/v2\/categories?post=10924"},{"taxonomy":"post_tag","embeddable":true,"href":"https:\/\/student.mads.org\/journal\/wp-json\/wp\/v2\/tags?post=10924"}],"curies":[{"name":"wp","href":"https:\/\/api.w.org\/{rel}","templated":true}]}}