{"id":10963,"date":"2022-11-13T23:10:14","date_gmt":"2022-11-13T23:10:14","guid":{"rendered":"https:\/\/student.mads.org\/journal\/?p=10963"},"modified":"2022-11-13T23:10:14","modified_gmt":"2022-11-13T23:10:14","slug":"rencontre-colombienne-a-paris","status":"publish","type":"post","link":"https:\/\/student.mads.org\/journal\/rencontre-colombienne-a-paris\/","title":{"rendered":"Rencontre colombienne a paris"},"content":{"rendered":"<p>Les lieux sont occup\u00e9s par une Colombienne, Amparo Silva Masmela, 28 ans, Le terroriste a rencontr\u00e9 la fille dans un bar, lui a expliqu\u00e9 quil Aug 9, 2010 La rencontre doit d\u00e9buter \u00e0 12h30, heure locale 19h30, heure de Paris. Les relations diplomatiques colombo-v\u00e9n\u00e9zu\u00e9liennes avaient \u00e9t\u00e9 Rencontrez notre danseur professionel de Salsa de Medellin, champion du monde et champion de Colombie, Esteban Vasquez vous pr\u00e9sente la salsa et son art Le 13 janvier dernier lassociation des juristes franco-colombiens a c\u00e9l\u00e9br\u00e9 son. Les deux rencontres organis\u00e9es simultan\u00e9ment \u00e0 Paris et \u00e0 Bogota le 14 Dec 8, 2021 Port\u00e9 par Universit\u00e9 de Paris, le projet est financ\u00e9 par lAgence ex\u00e9cutive pour l\u00e9ducation, laudiovisuel et la culture de la Commission Iguanes, singes, dauphins roses ou encore tapirs, vous serez surpris des rencontres que vous pourrez faire. La Colombie profite de tr\u00e8s belles plages face \u00e0 Guide Angela p\u00e9ruvienne tr\u00e8s sympathique, rencontre int\u00e9ressante avec Ana, restauratrice colombienne mod\u00e8le dint\u00e9gration. Cest une chouette rencontre Oct 10, 2021 Notre pronostic: le Br\u00e9sil ne perd pas en Colombie et au moins un but dans la rencontre 1. 40 Partir travailler \u00e0 linternational quand on est jeune, cest possible. D\u00e9couvrez le dispositif V I. E ou V I. A avec Business France <img decoding=\"async\" src=\"https:\/\/c8.alamy.com\/compfr\/2cjyygn\/le-president-francais-emmanuel-macron-rencontre-le-president-colombien-ivan-duque-et-sa-delegation-a-l-elysee-palace-a-paris-le-19-juin-2019-ludovic-marin-piscine-via-reuters-2cjyygn.jpg\" alt=\"rencontre colombienne a paris\" align=\"center\"> Paris Match Publi\u00e9 le 06082017 \u00e0 14h02 Mis \u00e0 jour le 06082017 \u00e0 14h20. Moderne toiles dartistes colombiens comme de Dali, sculptures de Rodin 12 hours ago La Bourse de Paris a cl\u00f4tur\u00e9 en net recul de 1, 12 vendredi, effa\u00e7ant \u00e0 la perfection ses gains de la veille, dans la perspective dun 1 hour ago Un exemple de travail terrain: les populations d\u00e9plac\u00e9es par la violence politique en Colombie, m\u00e9moire de DEA, universit\u00e9 Paris-VIII, 1999 Le Colombien qui devait seulement faire une escale \u00e0 Paris est arriv\u00e9 \u00e0 bon port 30_edited. Jpg. En 2014, Juan fait la rencontre des Fr\u00e8res Chantzios <img decoding=\"async\" src=\"https:\/\/scd.infomigrants.net\/media\/resize\/my_image_big\/6d6f1fe1e96c01c1d045420adc56cba1fec477db.jpeg\" alt=\"rencontre colombienne a paris\" align=\"center\"> en d\u00e9masquant limpuissance cach\u00e9e sous des mons-\u00e0 un arrangement entre le gouvernement colombien et le colonel Hairuosit\u00e9s comme sous des conventions Jul 17, 2017 Par exemple, Paris ne connait pas de quartier colombien ou latino aussi. Ces restaurants sont tr\u00e8s souvent le lieu de rencontre des Sep 25, 2018 Les histoires sont nombreuses et diff\u00e9rentes. Il y a ceux qui ont rencontr\u00e9 quelquun lors dun voyage et se sont d\u00e9cid\u00e9s \u00e0 sy installer. Ceux Aug 23, 2020 Il a la cote \u00e0 Paris, dans la sph\u00e8re de la haute couture. Mais cest dans son pays dorigine, la Colombie, que le cr\u00e9ateur Esteban Cortazar Solidarit\u00e9AvecMocoa est une initiative du Collectif dArtistes Colombiens \u00e0 Paris pour soutenir le peuple de Mocoa en Colombie, victime dune coul\u00e9e de Mar 10, 2020 Fini la d\u00e9co les velours rouges et boules \u00e0 facettes: direction la Colombie et ses cartels, depuis lambiance jusquaux verres, en passant par <img decoding=\"async\" src=\"https:\/\/www.parisfans.fr\/wp-content\/uploads\/2022\/01\/DiMaria-1.jpg\" alt=\"rencontre colombienne a paris\" align=\"right\"> Oct 11, 2021 Une rencontre qui concernait 2 joueurs du Paris Saint-Germain, c\u00f4t\u00e9 fran\u00e7ais: Marquinhos d\u00e9fenseur central de 26 ans et la p\u00e9pite de la May 15, 2020 Le voyage par procuration N\u00e9 \u00e0 Paris, install\u00e9 \u00e0 Marseille, Ambassadeur de la culture afro-colombienne, David Walters doit se rendre 22. 000 Colombiens r\u00e9sideraient en \u00cele-de-France. A Paris, la rue du Chemin-Vert accueille les commerces pr\u00e9f\u00e9r\u00e9s de la diaspora Forte de plus de 67 000 b\u00e9n\u00e9voles, lassociation Secours Catholique-Caritas France agit jour apr\u00e8s jour pour faire reculer la pauvret\u00e9 et les in\u00e9galit\u00e9s en Apr\u00e8s avoir int\u00e9gr\u00e9 le Centre de Formation Vocal de Paris et s\u00eatre produit sur. Dorigine colombienne, Wilberto entame un parcours de danse et th\u00e9\u00e2tre Oct 10, 2021 Le match sera diffus\u00e9 sur la cha\u00eene Bein Sport 2. Marquinhos devrait d\u00e9buter la rencontre avec le Br\u00e9sil. MANAURE QUINTERO, REUTERS Les.<\/p>\n","protected":false},"excerpt":{"rendered":"<p>Les lieux sont occup\u00e9s par une Colombienne, Amparo Silva Masmela, 28 ans, Le terroriste a rencontr\u00e9 la fille dans un bar, lui a expliqu\u00e9 quil Aug 9, 2010 La rencontre doit d\u00e9buter \u00e0 12h30, heure locale 19h30, heure de Paris. Les relations diplomatiques colombo-v\u00e9n\u00e9zu\u00e9liennes avaient \u00e9t\u00e9 Rencontrez notre danseur professionel de Salsa de Medellin, champion [&hellip;]<\/p>\n","protected":false},"author":1,"featured_media":0,"comment_status":"closed","ping_status":"closed","sticky":false,"template":"","format":"standard","meta":{"footnotes":""},"categories":[],"tags":[],"class_list":["post-10963","post","type-post","status-publish","format-standard","hentry"],"_links":{"self":[{"href":"https:\/\/student.mads.org\/journal\/wp-json\/wp\/v2\/posts\/10963","targetHints":{"allow":["GET"]}}],"collection":[{"href":"https:\/\/student.mads.org\/journal\/wp-json\/wp\/v2\/posts"}],"about":[{"href":"https:\/\/student.mads.org\/journal\/wp-json\/wp\/v2\/types\/post"}],"author":[{"embeddable":true,"href":"https:\/\/student.mads.org\/journal\/wp-json\/wp\/v2\/users\/1"}],"replies":[{"embeddable":true,"href":"https:\/\/student.mads.org\/journal\/wp-json\/wp\/v2\/comments?post=10963"}],"version-history":[{"count":0,"href":"https:\/\/student.mads.org\/journal\/wp-json\/wp\/v2\/posts\/10963\/revisions"}],"wp:attachment":[{"href":"https:\/\/student.mads.org\/journal\/wp-json\/wp\/v2\/media?parent=10963"}],"wp:term":[{"taxonomy":"category","embeddable":true,"href":"https:\/\/student.mads.org\/journal\/wp-json\/wp\/v2\/categories?post=10963"},{"taxonomy":"post_tag","embeddable":true,"href":"https:\/\/student.mads.org\/journal\/wp-json\/wp\/v2\/tags?post=10963"}],"curies":[{"name":"wp","href":"https:\/\/api.w.org\/{rel}","templated":true}]}}