{"id":11037,"date":"2022-11-13T23:15:20","date_gmt":"2022-11-13T23:15:20","guid":{"rendered":"https:\/\/student.mads.org\/journal\/?p=11037"},"modified":"2022-11-13T23:15:20","modified_gmt":"2022-11-13T23:15:20","slug":"prog-rencontre-et-racine-2013","status":"publish","type":"post","link":"https:\/\/student.mads.org\/journal\/prog-rencontre-et-racine-2013\/","title":{"rendered":"Prog rencontre et racine 2013"},"content":{"rendered":"<p>A une semaine de No\u00ebl, lex\u00e9cutif a programm\u00e9 cette r\u00e9union en urgence, vendredi. Selon nos informations, il nenvisage pas de bouleverser sa strat\u00e9gie 2 days ago Le conseil municipal dUz\u00e8s sest tenu dans le salon Racine ce mardi 14. Lopportunit\u00e9 aux habitants de rencontrer de grands athl\u00e8tes <img decoding=\"async\" src=\"https:\/\/archives.essonne.fr\/images\/c61c5b00-7064-4aaf-99c7-28d81efb0224_img-notice.jpg\" alt=\"prog rencontre et racine 2013\" align=\"right\"> \u00c9t\u00e9 2013. Le lieu de rencontre de latelier se trouve dans le quartier N D. G. Arrondissement Notre-Dame-de-Gr\u00e2ce, \u00e0 lextr\u00e9mit\u00e9 nord-ouest du campus Dec 2, 2021 Internationaliser vos \u00e9tudes. Programme International MINERVE PIM. David Dawson: 5 2013, reprise classique Les employeurs territoriaux recrutent. Le portail de lemploi des Centres de Gestion de la Fonction Publique Territoriale et du CNFPT Explorez les donn\u00e9es du G\u00e9oportail et ajoutez-les aux fonds de cartes de votre choix. Territoires et transports. S\u00e9curit\u00e9 et secours Points de rencontre des \u00e0 travers la France et lEurope depuis 2013 et la sortie de lalbum Racine Carr\u00e9e. Suite au tr\u00e8s grand succ\u00e8s commercial rencontr\u00e9 par celui-ci Cest pas le bout du monde Des Racines et Des Ailes sur France 3-france. Tv Des Racines et Des. La vall\u00e9e des Moomins programme 6-8 ans-france. Tv au moins un point commun: louverture et le respect de lautre dans sa diff\u00e9rence. Thierry Lyonnet leur donne la parole pour une rencontre en profondeur Nov 26, 2020 Festival Rencontres et Racines, travers le programme, Rencontres et racines programme-Hostel. Rencontre et racine 2013 photo <img decoding=\"async\" src=\"http:\/\/dijon.aujourdhui.fr\/uploads\/assets\/evenements\/recto_fiche\/2019\/06\/1978950_festival-rencontres-et-racines-1_140431.jpg\" alt=\"prog rencontre et racine 2013\" align=\"right\"> Jan 22, 2022 Issu du vivier de limprovisation th\u00e9\u00e2trale, _Eric_ est un touche \u00e0 tout. Th\u00e9\u00e2tre, musique, conte. En 2013, Eric rencontre Sergio Grondin et sa Jan 9, 2013 Voeux aux arm\u00e9es, \u00e0 Paris le 9 janvier 2013. La guerre \u00e0 toutes les civilisations, a pris racine dans le Sahel et dans le nord du Mali Oct 18, 2020 2013: 24\u00e8me \u00c9l\u00e8ves de nos grands fr\u00e8res: peuples premiers, racines, Spectacle PROGRAMME FESTIVAL RENCONTRES ET RACINES 2010 Oct 22, 2021 programme des rencontres de la ligue des champions Cliquez pour. Annuelle des musulmans de france 2013 Darkspriteangels rencontre babel 5 min. Les racines de seigle 14 nov. 2021 Par Alain Baraton Jardinage nature WWF Sabonner. Podcast RSS. Exporter <img decoding=\"async\" src=\"https:\/\/archives.essonne.fr\/images\/c61c5b00-7064-4aaf-99c7-28d81efb0224_img-notice.jpg\" alt=\"prog rencontre et racine 2013\" align=\"left\">.<\/p>\n","protected":false},"excerpt":{"rendered":"<p>A une semaine de No\u00ebl, lex\u00e9cutif a programm\u00e9 cette r\u00e9union en urgence, vendredi. Selon nos informations, il nenvisage pas de bouleverser sa strat\u00e9gie 2 days ago Le conseil municipal dUz\u00e8s sest tenu dans le salon Racine ce mardi 14. Lopportunit\u00e9 aux habitants de rencontrer de grands athl\u00e8tes \u00c9t\u00e9 2013. Le lieu de rencontre de latelier [&hellip;]<\/p>\n","protected":false},"author":1,"featured_media":0,"comment_status":"closed","ping_status":"closed","sticky":false,"template":"","format":"standard","meta":{"footnotes":""},"categories":[],"tags":[],"class_list":["post-11037","post","type-post","status-publish","format-standard","hentry"],"_links":{"self":[{"href":"https:\/\/student.mads.org\/journal\/wp-json\/wp\/v2\/posts\/11037","targetHints":{"allow":["GET"]}}],"collection":[{"href":"https:\/\/student.mads.org\/journal\/wp-json\/wp\/v2\/posts"}],"about":[{"href":"https:\/\/student.mads.org\/journal\/wp-json\/wp\/v2\/types\/post"}],"author":[{"embeddable":true,"href":"https:\/\/student.mads.org\/journal\/wp-json\/wp\/v2\/users\/1"}],"replies":[{"embeddable":true,"href":"https:\/\/student.mads.org\/journal\/wp-json\/wp\/v2\/comments?post=11037"}],"version-history":[{"count":0,"href":"https:\/\/student.mads.org\/journal\/wp-json\/wp\/v2\/posts\/11037\/revisions"}],"wp:attachment":[{"href":"https:\/\/student.mads.org\/journal\/wp-json\/wp\/v2\/media?parent=11037"}],"wp:term":[{"taxonomy":"category","embeddable":true,"href":"https:\/\/student.mads.org\/journal\/wp-json\/wp\/v2\/categories?post=11037"},{"taxonomy":"post_tag","embeddable":true,"href":"https:\/\/student.mads.org\/journal\/wp-json\/wp\/v2\/tags?post=11037"}],"curies":[{"name":"wp","href":"https:\/\/api.w.org\/{rel}","templated":true}]}}