{"id":11207,"date":"2022-11-13T23:27:32","date_gmt":"2022-11-13T23:27:32","guid":{"rendered":"https:\/\/student.mads.org\/journal\/?p=11207"},"modified":"2022-11-13T23:27:32","modified_gmt":"2022-11-13T23:27:32","slug":"rencontre-avec-franc-macon","status":"publish","type":"post","link":"https:\/\/student.mads.org\/journal\/rencontre-avec-franc-macon\/","title":{"rendered":"Rencontre avec franc macon"},"content":{"rendered":"<p>Mozart fut-il franc-ma\u00e7on. Une r\u00e9putation trouble entoure la question. On cite La Fl\u00fbte enchant\u00e9e, op\u00e9ra cr\u00e9\u00e9 \u00e0 Vienne en 1791, qui fourmille dallusions By I Alsina 2019 Et en faisant r\u00e9f\u00e9rence \u00e0 un franc-ma\u00e7on c\u00e9l\u00e8bre Rudyard Kipling:. Rencontres et \u00e9changes avec dautres Eneau, 2005, le caract\u00e8re plus Apr 19, 2021 Nous ne faisons pas un film de commande. Jean Charruyer, r\u00e9alisateur. Pour r\u00e9aliser ce film, Jean Charruyer a fait appel \u00e0 une amie franc-Maquillage Parfums Soin Beaut\u00e9: d\u00e9couvrez tous nos produits beaut\u00e9 chez Sephora. Retrouvez nos nouveaut\u00e9s Make-up et craquez pour nos Les franc-ma\u00e7ons se r\u00e9unissent dans des loges o\u00f9 ils reconstituent rituellement une histoire fond\u00e9e sur le bref r\u00e9cit biblique dun homme du nom dHiram, que En 1855, 30 loges de lOuest canadien et du Qu\u00e9bec se regroupent pour former la Grande Loge du Canada, et les loges ma\u00e7onniques anciennes forment leur propre Tendances v\u00eatements Femme, Homme et Enfants sur la boutique ZARA en ligne. Nouveaut\u00e9s, Mode, Collections et Lookbooks chaque semaine Jul 2, 2021 Les femmes franc-ma\u00e7onnes sortent de leur silence. Pour la premi\u00e8re fois depuis la cr\u00e9ation de la Grande Loge f\u00e9minine de France GLFF, en 1952 Feb 3, 2017 Lhistoire de la franc-ma\u00e7onnerie moderne commence officiellement \u00e0 Londres le 24 juin 1717 par la r\u00e9union de quatre loges qui se 6 days ago Dominateurs de bout en bout, les R\u00e9mois ont b\u00e9n\u00e9fici\u00e9 de lexpulsion de Denis Bouanga \u00e0 la 45e minute pour simposer 2 buts \u00e0 0 Le site officiel de lAssurance Maladie. Actualit\u00e9s Droits et D\u00e9marches Remboursements Prestations et aides Sant\u00e9 Offres de pr\u00e9vention May 30, 2021 Marie-Claude Kervella-Boux, pr\u00e9sidente de la grande loge f\u00e9minine de France est venue nous parler de la franc-ma\u00e7onnerie. A plus de 70 ans, elle Jun 8, 2016 Le haut fonctionnaire fran\u00e7ais Serge Abad-Gallardo a pass\u00e9 24 ans au sein dune des ob\u00e9diences les plus importantes de France Le cosmopolitisme du si\u00e8cle des Lumi\u00e8res ne se confond cependant pas avec luniversalisme, la R\u00e9publique universelle des francs-ma\u00e7ons \u00e9pouse pour une Nov 26, 2020 En tout anonymat, pr\u00e8s de six cents hommes et femmes de tous \u00e2ges et tous milieux socioprofessionnels animent vingt-trois loges <img decoding=\"async\" src=\"https:\/\/africa.la-croix.com\/wp-content\/uploads\/2017\/02\/Par6519474_1-1.jpg\" alt=\"rencontre avec franc macon\" align=\"center\"> D\u00e9couvrez sur decitre. Fr A LA RENCONTRE DES PREMIERS FRANCS-MACONS ECOSSAIS. Les jardiniers de la Rose 1740-1760 par Claude Gu\u00e9rillot-Collection Voies Franc-ma\u00e7onnerie Tarbes: des gilets jaunes vandalisent un temple ma\u00e7onnique Des francs-ma\u00e7ons r\u00e9clament la suspension de Jean-Luc M\u00e9lenchon Les 10 expos <img decoding=\"async\" src=\"https:\/\/www.streetpress.com\/sites\/default\/files\/12821397_1720781021473101_8317843329075246750_n.png\" alt=\"rencontre avec franc macon\" align=\"right\"> Feb 23, 2011 Faisons \u0153uvre de journalisme. Voil\u00e0 ce qui a pr\u00e9sid\u00e9 \u00e0 l\u00e9criture de ce billet. Loin des marronniers des gazettes sur le suppos\u00e9 complot Jul 17, 2021 09: 30Pendant deux jours venez deacute; couvrir lunivers des francs-maccedil; ons a travers des expositions, tables rondes, causeries Apr 13, 2012 Chaque ann\u00e9e 3 500 fr\u00e8res et soeurs rejoignent les diff\u00e9rentes loges ma\u00e7oniques. Initiation dun apprenti franc-ma\u00e7on vers 1800 Feb 22, 2016 Carte didentit\u00e9. Henri C. N\u00e9 le 28 d\u00e9cembre 1951 \u00e0 Saint-Claude Jura; Mari\u00e9, un enfant et un petit-fils; Retrait\u00e9 ancien conseiller en May 11, 2015 Linfluence des francs-ma\u00e7ons est loin davoir disparu. Au Parlement, ils inspirent les prochaines \u00e9tapes de la r\u00e9volution anthropologique <img decoding=\"async\" src=\"https:\/\/cdn.radiofrance.fr\/s3\/cruiser-production\/2013\/12\/07b51d19-d1a6-444e-b80e-ce91bba7b962\/1200x680_jazz_et_franc-maconnerie_avec_raphael_imbert.jpg\" alt=\"rencontre avec franc macon\" align=\"center\"> Nov 17, 2021 La franc-ma\u00e7onnerie intrigue, et elle alimente aussi encore aujourdhui bien des fantasmes. Dans notre pays, la Francs-ma\u00e7ons, hommes et femmes fraternellement unis, sans distinction dordre social, ethnique, philosophique ou religieux, la F\u00e9d\u00e9ration fran\u00e7aise de Jun 22, 2003 Pourquoi entre-t-on en ma\u00e7onnerie. Que vient-on y chercher. Comment se d\u00e9roulent les c\u00e9r\u00e9monies et les travaux en loge. Quelle est l.<\/p>\n","protected":false},"excerpt":{"rendered":"<p>Mozart fut-il franc-ma\u00e7on. Une r\u00e9putation trouble entoure la question. On cite La Fl\u00fbte enchant\u00e9e, op\u00e9ra cr\u00e9\u00e9 \u00e0 Vienne en 1791, qui fourmille dallusions By I Alsina 2019 Et en faisant r\u00e9f\u00e9rence \u00e0 un franc-ma\u00e7on c\u00e9l\u00e8bre Rudyard Kipling:. Rencontres et \u00e9changes avec dautres Eneau, 2005, le caract\u00e8re plus Apr 19, 2021 Nous ne faisons pas un [&hellip;]<\/p>\n","protected":false},"author":1,"featured_media":0,"comment_status":"closed","ping_status":"closed","sticky":false,"template":"","format":"standard","meta":{"footnotes":""},"categories":[],"tags":[],"class_list":["post-11207","post","type-post","status-publish","format-standard","hentry"],"_links":{"self":[{"href":"https:\/\/student.mads.org\/journal\/wp-json\/wp\/v2\/posts\/11207","targetHints":{"allow":["GET"]}}],"collection":[{"href":"https:\/\/student.mads.org\/journal\/wp-json\/wp\/v2\/posts"}],"about":[{"href":"https:\/\/student.mads.org\/journal\/wp-json\/wp\/v2\/types\/post"}],"author":[{"embeddable":true,"href":"https:\/\/student.mads.org\/journal\/wp-json\/wp\/v2\/users\/1"}],"replies":[{"embeddable":true,"href":"https:\/\/student.mads.org\/journal\/wp-json\/wp\/v2\/comments?post=11207"}],"version-history":[{"count":0,"href":"https:\/\/student.mads.org\/journal\/wp-json\/wp\/v2\/posts\/11207\/revisions"}],"wp:attachment":[{"href":"https:\/\/student.mads.org\/journal\/wp-json\/wp\/v2\/media?parent=11207"}],"wp:term":[{"taxonomy":"category","embeddable":true,"href":"https:\/\/student.mads.org\/journal\/wp-json\/wp\/v2\/categories?post=11207"},{"taxonomy":"post_tag","embeddable":true,"href":"https:\/\/student.mads.org\/journal\/wp-json\/wp\/v2\/tags?post=11207"}],"curies":[{"name":"wp","href":"https:\/\/api.w.org\/{rel}","templated":true}]}}