{"id":11241,"date":"2022-11-13T23:30:01","date_gmt":"2022-11-13T23:30:01","guid":{"rendered":"https:\/\/student.mads.org\/journal\/?p=11241"},"modified":"2022-11-13T23:30:01","modified_gmt":"2022-11-13T23:30:01","slug":"rencontre-franco-coreenne","status":"publish","type":"post","link":"https:\/\/student.mads.org\/journal\/rencontre-franco-coreenne\/","title":{"rendered":"Rencontre franco cor\u00e9enne"},"content":{"rendered":"<p>Fiction et histoire: quand le Dit des Heike rencontre le Roman du Genji. IFRAE Colloques et journ\u00e9es d\u00e9tude. Le 13 janvier \u00e0 partir de 16h00 Couleur Cor\u00e9e est une association situ\u00e9e \u00e0 Bordeaux ayant pour but de d\u00e9velopper la langue et la culture cor\u00e9enne. Avec lessor de la culture cor\u00e9enne Oct 16, 2020 Rencontre Franco Cor\u00e9enne. Cet \u00e9v\u00e9nement est organis\u00e9 sur le site de lOrme-les-Merisiers au CEA Saclay. Lapr\u00e8s-midi du 1911 sera consacr\u00e9e \u00e0 Dec 14, 2020. De la famille franco-cor\u00e9enne. Elle part \u00e0 la rencontre de couples mixtes \u00e0 S\u00e9oul en Cor\u00e9e du Sud, et en France dans la r\u00e9gion de Lille Nov 10, 2021 Plus de 4 millions dutilisateurs inscrits dans 190 pays. Un nombre important dutilisateurs cor\u00e9ens \u00e0 la recherche damis internationaux <img decoding=\"async\" src=\"https:\/\/www.c-k-jpopnews.fr\/wp-content\/uploads\/c-k-jpopnews-partez-\u00e0-la-d\u00e9couverte-des-lieux-cor\u00e9ens-de-paris-lors-dune-qu\u00eate-organis\u00e9-par-bonjour-cor\u00e9e.png\" alt=\"rencontre franco cor\u00e9enne\" align=\"left\"> Jul 8, 2019 La culture est justement lun des points de rencontre forts entre la Cor\u00e9e et la France. Franco-cor\u00e9ens et des programmes de bourses de On peut rencontrer des amis en cor\u00e9e du korean cupid. Business france info en ligne. Bienvenue soiree rencontre celibataire aix en provence notre site 8 days ago Edition 2021 du Comit\u00e9 franco-cor\u00e9en de coop\u00e9ration industrielle. Pr\u00e9sidents Macron et Moon lors de leur rencontre en novembre dernier Sep 21, 2017 Le SPI Syndicat des Producteurs Ind\u00e9pendants et le KOFIC Korean Film Council organisent conjointement un atelier de coproduction 23 hours ago Parall\u00e8lement, selon des analystes, le dirigeant a perdu de lassurance \u00e0 lissue de ses diff\u00e9rentes rencontres avec le pr\u00e9sident am\u00e9ricain \u00c0 Sokcho, petite ville portuaire proche de la Cor\u00e9e du Nord, une jeune Franco-cor\u00e9enne qui nest jamais all\u00e9e en Europe rencontre un auteur de bande Jan 22, 2020 Du barbecue traditionnel cor\u00e9en aux m\u00e9langes de saveurs franco-cor\u00e9ennes de David Ly, vous ne serez pas d\u00e9\u00e7us. En cinq lettres: un r\u00e9gal Le Plan daction pour un partenariat global franco-cor\u00e9en au XXIe si\u00e8cle. Deux mots reviennent souvent: lAmiti\u00e9 et la Rencontre 23 hours ago Le dirigeant nord-cor\u00e9en Kim Jong Un prononce un discours le 7. De ses diff\u00e9rentes rencontres avec le pr\u00e9sident am\u00e9ricain Donald Trump de communiquer avec des professeurs r\u00e9ellement cor\u00e9en, agr\u00e9ment\u00e9e par des rencontres franco-cor\u00e9ennes et compl\u00e9t\u00e9e, en option, par des stages en Cor\u00e9e 13 hours ago Le 29 janvier de 14h au 17h, le FIBD proposera la rencontre Webtoon \u00e0. La reconnaissance du webtoon en plein bastion du franco-belge Dec 8, 2015 Il a rencontr\u00e9 \u00e9galement les responsables du Lyc\u00e9e international Xavier. Il a assist\u00e9 au Gala de la Chambre de commerce franco-cor\u00e9enne Aug 14, 2014 Le Pape Fran\u00e7ois rencontre les \u00e9v\u00eaques de Cor\u00e9e au si\u00e8ge de la Conf\u00e9rence \u00e9piscopale core\u00e9nne \u00e0 S\u00e9oul, 14 ao\u00fbt 2014 <img decoding=\"async\" src=\"http:\/\/www.japoninfos.com\/wp-content\/uploads\/2015\/11\/Chine-Japon-Cor\u00e9e-R\u00e9union.jpg\" alt=\"rencontre franco cor\u00e9enne\" align=\"left\"> Plongez-vous dans le livre Po\u00e9sie Paysage-Rencontre franco-cor\u00e9enne de Yves Millet au format. Ajoutez-le \u00e0 votre liste de souhaits ou abonnez-vous \u00e0 La violoniste cor\u00e9enne \u00e0 la belle carri\u00e8re interpr\u00e8te les sonates de. Il apprend le violon avec le professeur de guitare de Claude Fran\u00e7ois avant de Proposition de site de rencontre franco cor\u00e9en paniers de l\u00e9gumes et autres produits rencontre femmes haute sur bi\u00e8vres bio traduction the promise et locaux Feb 28, 2018 editions-nanika-quelque-chose-de-coree-du-sud. Le logo de lassociation Bonjour Cor\u00e9e repr\u00e9sente la rencontre entre la France et la Cor\u00e9e <img decoding=\"async\" src=\"http:\/\/www.parisetudiant.com\/uploads\/assets\/evenements\/recto_flyer\/2021\/11\/2662690_rencontre-avec-l-ecrivaine-seo-mi-ae_015841.png\" alt=\"rencontre franco cor\u00e9enne\" align=\"right\"> Jun 28, 2019 Cercle social dexpatri\u00e9. Dans un premier temps, pour un expatri\u00e9 ne parlant pas le cor\u00e9en, il sera plus facile de rencontrer dautres expatri\u00e9s.<\/p>\n","protected":false},"excerpt":{"rendered":"<p>Fiction et histoire: quand le Dit des Heike rencontre le Roman du Genji. IFRAE Colloques et journ\u00e9es d\u00e9tude. Le 13 janvier \u00e0 partir de 16h00 Couleur Cor\u00e9e est une association situ\u00e9e \u00e0 Bordeaux ayant pour but de d\u00e9velopper la langue et la culture cor\u00e9enne. Avec lessor de la culture cor\u00e9enne Oct 16, 2020 Rencontre Franco [&hellip;]<\/p>\n","protected":false},"author":1,"featured_media":0,"comment_status":"closed","ping_status":"closed","sticky":false,"template":"","format":"standard","meta":{"footnotes":""},"categories":[],"tags":[],"class_list":["post-11241","post","type-post","status-publish","format-standard","hentry"],"_links":{"self":[{"href":"https:\/\/student.mads.org\/journal\/wp-json\/wp\/v2\/posts\/11241","targetHints":{"allow":["GET"]}}],"collection":[{"href":"https:\/\/student.mads.org\/journal\/wp-json\/wp\/v2\/posts"}],"about":[{"href":"https:\/\/student.mads.org\/journal\/wp-json\/wp\/v2\/types\/post"}],"author":[{"embeddable":true,"href":"https:\/\/student.mads.org\/journal\/wp-json\/wp\/v2\/users\/1"}],"replies":[{"embeddable":true,"href":"https:\/\/student.mads.org\/journal\/wp-json\/wp\/v2\/comments?post=11241"}],"version-history":[{"count":0,"href":"https:\/\/student.mads.org\/journal\/wp-json\/wp\/v2\/posts\/11241\/revisions"}],"wp:attachment":[{"href":"https:\/\/student.mads.org\/journal\/wp-json\/wp\/v2\/media?parent=11241"}],"wp:term":[{"taxonomy":"category","embeddable":true,"href":"https:\/\/student.mads.org\/journal\/wp-json\/wp\/v2\/categories?post=11241"},{"taxonomy":"post_tag","embeddable":true,"href":"https:\/\/student.mads.org\/journal\/wp-json\/wp\/v2\/tags?post=11241"}],"curies":[{"name":"wp","href":"https:\/\/api.w.org\/{rel}","templated":true}]}}