{"id":11285,"date":"2022-11-13T23:33:46","date_gmt":"2022-11-13T23:33:46","guid":{"rendered":"https:\/\/student.mads.org\/journal\/?p=11285"},"modified":"2022-11-13T23:33:46","modified_gmt":"2022-11-13T23:33:46","slug":"rencontre-photographique-genevois","status":"publish","type":"post","link":"https:\/\/student.mads.org\/journal\/rencontre-photographique-genevois\/","title":{"rendered":"Rencontre photographique genevois"},"content":{"rendered":"<p><img decoding=\"async\" src=\"https:\/\/cdn-s-www.ledauphine.com\/images\/EC3F4D87-4E8B-441E-ABEB-D45FBD593AF4\/NW_detail_M\/olivier-follmi-a-apporte-ses-conseils-d-un-photographe-voyageur-photo-le-dl-j-b-1576680650.jpg\" alt=\"rencontre photographique genevois\" align=\"left\"> Jun 28, 2016. Timothy Kamalehua Ha\u02bbalilio dHawa\u00ef que Eynard rencontre \u00e0 Paris en 1843. Quand il prend ses premi\u00e8res photographies \u00e0 Gen\u00e8ve Un lieu de rencontres litt\u00e9raires, la biblioth\u00e8que offre aujourdhui un programme riche et vari\u00e9 d\u00e9v\u00e9nements Sep 19, 2021 37 photographies de l\u00e9cole de la Pr\u00e9sentation de Marie, un lieu auquel le photographe \u00e9tait tr\u00e8s attach\u00e9 pour y avoir pass\u00e9 37 ann\u00e9es t Prostituee aix la chapelle meet suresnes rencontres photo lorient Pi\u00e8ces \u00e0 fournir lors de votre rendez-vous. Amoureux d une prostitu\u00e9e Pour Exposition aux 10e Rencontres Photographiques du Genevois RPG \u00e0. Exposition au Caf\u00e9-Glacier Le Remor 3, place du cirque \u00e0 Gen\u00e8ve du 25 avril au 17 mai Jul 24, 2021 Plong\u00e9e dans la grand-messe proven\u00e7ale de la photographie, sur les pas de la Franco-suisse Sabine Weiss, artiste phare de la 52e \u00e9dition Photo: KEYSTONEAPJohn Raoux. Atlanta est bien l\u00e9quipe de tous les contrastes. Apr\u00e8s avoir connu une s\u00e9rie noire de sept d\u00e9faites de rang \u00e0 lext\u00e9rieur 1 day ago Lanimal a \u00e9t\u00e9 pris en photo sur la commune de Jussy dans le canton de Gen\u00e8ve. Jonathan Gerson. Un loup a \u00e9t\u00e9 observ\u00e9 et photographi\u00e9 cette VERNOUX en Vivarais La Rencontre des Artistes. 5 au 15 ao\u00fbt 2016. GENEVE-ST JULIEN 10\u00e8mes Rencontres Photographiques du Genevois. Octobre 2015 Nov 17, 2019 Le reportage montre quelques images de la rencontre \u00e0 Gen\u00e8ve entre Reagan et. De sorties de voiture, de poses pour les photographes <img decoding=\"async\" src=\"https:\/\/cdn-s-www.ledauphine.com\/images\/4780757A-F06F-4C99-8991-07E57604ECAD\/NW_raw\/une-bourse-au-materiel-sera-organisee-le-dimanche-8-octobre-archives-photo-le-dl-f-f-1506093206.jpg\" alt=\"rencontre photographique genevois\" align=\"center\"> Jun 6, 2018 Nous vous invitons \u00e0 rencontrer les r\u00e9fugi\u00e9s et requ\u00e9rants dasile \u00e0 travers Vivre \u00e0 Gen\u00e8ve, une s\u00e9rie dimages de photographes genevois Oct 3, 2007 Au programme: des expositions de plus de 25 photographes dont Philippe Ayral, des conf\u00e9rences, des diaporamas, des ateliers, un espace rencontre <img decoding=\"async\" src=\"https:\/\/cdn-s-www.ledauphine.com\/images\/4780757A-F06F-4C99-8991-07E57604ECAD\/NW_raw\/une-bourse-au-materiel-sera-organisee-le-dimanche-8-octobre-archives-photo-le-dl-f-f-1506093206.jpg\" alt=\"rencontre photographique genevois\" align=\"center\"> Jul 24, 2019 Lexposition se d\u00e9roule dans le cadre des Rencontres. Maison des Artistes montre \u00e0 Arles la Pearl River du Genevois Christian Lutz Jun 9, 2021 Le sommet entre Joe Biden et Vladimir Poutine le 16 juin \u00e0 Gen\u00e8ve prend forme. Le lieu de la rencontre nest toujours pas confirm\u00e9 Jun 10, 2021. Et le pr\u00e9sident de la f\u00e9d\u00e9ration de Russie Vladimir Poutine doivent se rencontrer \u00e0 Gen\u00e8ve mercredi 16 juin. Photo darchives DRK Jun 15, 2005 Photophiles. Com est un magazine photo en ligne d\u00e9di\u00e9 au monde de la photographie, article, formation, agenda photo Oct 14, 2008 Dans un pr\u00e9c\u00e9dent article, je vous ai parl\u00e9 des Rencontres Photographiques du Genevois. Jai eu loccasion de my rendre le dimanche 5 Jun 6, 2021 Lors dun festival de photographie, les lectures de portfolios. Des Rencontres de la photographie dans le cadre du Off photographique Depuis 2005, le PhotoCollective. Net propose aux Genevois francophones et. Mensuelles de photographie collective, des rencontres informelles et des.<\/p>\n","protected":false},"excerpt":{"rendered":"<p>Jun 28, 2016. Timothy Kamalehua Ha\u02bbalilio dHawa\u00ef que Eynard rencontre \u00e0 Paris en 1843. Quand il prend ses premi\u00e8res photographies \u00e0 Gen\u00e8ve Un lieu de rencontres litt\u00e9raires, la biblioth\u00e8que offre aujourdhui un programme riche et vari\u00e9 d\u00e9v\u00e9nements Sep 19, 2021 37 photographies de l\u00e9cole de la Pr\u00e9sentation de Marie, un lieu auquel le photographe \u00e9tait [&hellip;]<\/p>\n","protected":false},"author":1,"featured_media":0,"comment_status":"closed","ping_status":"closed","sticky":false,"template":"","format":"standard","meta":{"footnotes":""},"categories":[],"tags":[],"class_list":["post-11285","post","type-post","status-publish","format-standard","hentry"],"_links":{"self":[{"href":"https:\/\/student.mads.org\/journal\/wp-json\/wp\/v2\/posts\/11285","targetHints":{"allow":["GET"]}}],"collection":[{"href":"https:\/\/student.mads.org\/journal\/wp-json\/wp\/v2\/posts"}],"about":[{"href":"https:\/\/student.mads.org\/journal\/wp-json\/wp\/v2\/types\/post"}],"author":[{"embeddable":true,"href":"https:\/\/student.mads.org\/journal\/wp-json\/wp\/v2\/users\/1"}],"replies":[{"embeddable":true,"href":"https:\/\/student.mads.org\/journal\/wp-json\/wp\/v2\/comments?post=11285"}],"version-history":[{"count":0,"href":"https:\/\/student.mads.org\/journal\/wp-json\/wp\/v2\/posts\/11285\/revisions"}],"wp:attachment":[{"href":"https:\/\/student.mads.org\/journal\/wp-json\/wp\/v2\/media?parent=11285"}],"wp:term":[{"taxonomy":"category","embeddable":true,"href":"https:\/\/student.mads.org\/journal\/wp-json\/wp\/v2\/categories?post=11285"},{"taxonomy":"post_tag","embeddable":true,"href":"https:\/\/student.mads.org\/journal\/wp-json\/wp\/v2\/tags?post=11285"}],"curies":[{"name":"wp","href":"https:\/\/api.w.org\/{rel}","templated":true}]}}