{"id":11464,"date":"2022-11-13T23:47:35","date_gmt":"2022-11-13T23:47:35","guid":{"rendered":"https:\/\/student.mads.org\/journal\/?p=11464"},"modified":"2022-11-13T23:47:35","modified_gmt":"2022-11-13T23:47:35","slug":"la-rencontre-de-philippe","status":"publish","type":"post","link":"https:\/\/student.mads.org\/journal\/la-rencontre-de-philippe\/","title":{"rendered":"La rencontre de philippe"},"content":{"rendered":"<p>On a demand\u00e9 \u00e0 Philippe Etchebest de r\u00e9agir aux images iconiques de lui-m\u00eame qui tournent sur Internet. Et il s 12 hours ago Jean-Philippe Vieville, vice-pr\u00e9sident de Reims Sainte-Anne, r\u00e9pond aux questions de. Le RDV de lInfo est all\u00e9 \u00e0 sa rencontre <img decoding=\"async\" src=\"https:\/\/d7hftxdivxxvm.cloudfront.net\/?resize_to=fit&amp;width=600&amp;height=800&amp;quality=80&amp;src=https%3A%2F%2Fd32dm0rphc51dk.cloudfront.net%2FVTQe2IK54Ib9yTHbDrE6hw%2Fnormalized.jpg\" alt=\"la rencontre de philippe\" align=\"center\"> Sep 22, 2021 Rencontre exceptionnelle avec lanthropologue Philippe Descola M\u00e9daille dor du CNRS, professeur \u00e9m\u00e9rite au Coll\u00e8ge de France 4 days ago Le rythme impos\u00e9 par les hommes de Philippe Montanier sest petit \u00e0 petit d\u00e9lit\u00e9 au fur et \u00e0 mesure de la rencontre <img decoding=\"async\" src=\"https:\/\/www.programme-tv.net\/imgre\/fit\/https.3A.2F.2Fs1.2Edmcdn.2Enet.2Fv.2FCrCAQ1XETay8Jhp84\/720x405\/crop-from\/top\/quality\/80\/rencontre-avec-philippe-l-amour-est-dans-le-pre-seconde-chance.jpg\" alt=\"la rencontre de philippe\" align=\"right\"> Nov 30, 2018 Capture CNews Jason Herbert a rapidement quitt\u00e9 Matignon o\u00f9 il \u00e9tait venu rencontrer \u00c9douard Philippe. La r\u00e9union avec les gilets jaunes a Sep 5, 2018 Philippe Laurent, maire de Sceaux et secr\u00e9taire g\u00e9n\u00e9ral de lAMF, sest rendu samedi 1er septembre \u00e0 Ch\u00e2lons-en Champagne o\u00f9 lAssociation Jan 8, 2019 Plasticien, peintre et sculpteur dargile et de mat\u00e9riaux vari\u00e9s, Philippe Saulnier a fait de larbre, en tant que sommet du v\u00e9g\u00e9tal Jai pu rencontrer plusieurs maires et conseillers d\u00e9partementaux de notre circonscription. Je continuerai \u00e0 le faire car cest le meilleur moyen Sep 22, 2021. 24 octobre pour un grand concert de lartiste, les \u00e9coliers de Darney vont avoir la chance de rencontrer Philippe Roussel chez eux DECODE Quantum A la rencontre de Philippe Grangier, Directeur du groupe doptique quantique du Laboratoire Charles Fabry. Une \u00e9mission con\u00e7ue par Fanny Bouton Fran\u00e7ais Rencontre avec un staffeur: Philippe. Friday January 3rd, 2020 Monday January 20th, 2020. Sorry, this entry is only available in French Nov 21, 2018 Bonjour Philippe Gaberan, \u00c9tonnamment, ou non, la Rencontre est une \u00e9tape dans laccompagnement qui ma toujours questionn\u00e9, autant que mon 11 hours ago Beaux Arts part \u00e0 la rencontre de ces professionnels d\u00e9vou\u00e9s et indispensables. Aujourdhui, Philippe Maillet nous raconte son quotidien May 24, 2021 Philippe Martin rencontre les associations. Avaient r\u00e9pondu le mercredi 19 mai \u00e0 la salle des f\u00eates \u00e0 linvitation de Philippe Martin Feb 10, 2014 Une de ses premi\u00e8res rencontres a eu lieu le 10 f\u00e9vrier \u00e0. Philippe Monloubou qui a rencontr\u00e9, lors de son passage en Auvergne Vendredi 10 d\u00e9cembre, Edouard Philippe a fait le point sur la situation sanitaire au Havre, en rappelant que la vaccination et les gestes barri\u00e8res sont 3 days ago D\u00e9couvrez linterview dapr\u00e8s-match de Philippe Montanier. En ce moment et cest l\u00e0-dessus quon narrive pas \u00e0 gagner les rencontres Philippe Katerine se confie pour la sortie de Confessions Cinq 7Wagram Music, son nouvel album, La rencontre dapr\u00e8s minuit: Philippe Katerine Nov 15, 2021 Venez rencontrer Philippe Descola \u00e0 loccasion de la sortie de son livre Les Formes du visible: une anthropologie de la figuration aux L\u00e9quipe dAgriconomie a rencontr\u00e9 A la rencontre de nos clients 19 Philippe Palfart Agriculteur dans lIndre-et-Loire 37 <img decoding=\"async\" src=\"https:\/\/i.ytimg.com\/vi\/zcyHRgvTkZc\/hqdefault.jpg\" alt=\"la rencontre de philippe\" align=\"right\"> Passe sanitaire obligatoire&#8212;&#8212;-Extrait Jai toujours envie de te gifler. Continue \u00e0 \u00e9crire et on va continuer \u00e0 faire lamour puisquil ny Sep 2, 2021 RENCONTRE AVEC PHILIPPE DESCOLA. Pour la sortie de son ouvrage Les Formes du visible paru en ce d\u00e9but du mois septembre aux \u00c9ditions du.<\/p>\n","protected":false},"excerpt":{"rendered":"<p>On a demand\u00e9 \u00e0 Philippe Etchebest de r\u00e9agir aux images iconiques de lui-m\u00eame qui tournent sur Internet. Et il s 12 hours ago Jean-Philippe Vieville, vice-pr\u00e9sident de Reims Sainte-Anne, r\u00e9pond aux questions de. Le RDV de lInfo est all\u00e9 \u00e0 sa rencontre Sep 22, 2021 Rencontre exceptionnelle avec lanthropologue Philippe Descola M\u00e9daille dor du CNRS, [&hellip;]<\/p>\n","protected":false},"author":1,"featured_media":0,"comment_status":"closed","ping_status":"closed","sticky":false,"template":"","format":"standard","meta":{"footnotes":""},"categories":[],"tags":[],"class_list":["post-11464","post","type-post","status-publish","format-standard","hentry"],"_links":{"self":[{"href":"https:\/\/student.mads.org\/journal\/wp-json\/wp\/v2\/posts\/11464","targetHints":{"allow":["GET"]}}],"collection":[{"href":"https:\/\/student.mads.org\/journal\/wp-json\/wp\/v2\/posts"}],"about":[{"href":"https:\/\/student.mads.org\/journal\/wp-json\/wp\/v2\/types\/post"}],"author":[{"embeddable":true,"href":"https:\/\/student.mads.org\/journal\/wp-json\/wp\/v2\/users\/1"}],"replies":[{"embeddable":true,"href":"https:\/\/student.mads.org\/journal\/wp-json\/wp\/v2\/comments?post=11464"}],"version-history":[{"count":0,"href":"https:\/\/student.mads.org\/journal\/wp-json\/wp\/v2\/posts\/11464\/revisions"}],"wp:attachment":[{"href":"https:\/\/student.mads.org\/journal\/wp-json\/wp\/v2\/media?parent=11464"}],"wp:term":[{"taxonomy":"category","embeddable":true,"href":"https:\/\/student.mads.org\/journal\/wp-json\/wp\/v2\/categories?post=11464"},{"taxonomy":"post_tag","embeddable":true,"href":"https:\/\/student.mads.org\/journal\/wp-json\/wp\/v2\/tags?post=11464"}],"curies":[{"name":"wp","href":"https:\/\/api.w.org\/{rel}","templated":true}]}}