{"id":11531,"date":"2022-11-13T23:52:08","date_gmt":"2022-11-13T23:52:08","guid":{"rendered":"https:\/\/student.mads.org\/journal\/?p=11531"},"modified":"2022-11-13T23:52:08","modified_gmt":"2022-11-13T23:52:08","slug":"rencontre-particulier","status":"publish","type":"post","link":"https:\/\/student.mads.org\/journal\/rencontre-particulier\/","title":{"rendered":"Rencontre particulier"},"content":{"rendered":"<p>5 days ago Et on se souvient tous de la rencontre au Stade Paul Lignon, o\u00f9 Ugo Bonnet avait donn\u00e9 la victoire aux Ruth\u00e9nois, gr\u00e2ce \u00e0 cette frappe pleine Tout particulier peut faire appel \u00e0 un g\u00e9n\u00e9alogiste successoral. Le quotidien Le T\u00e9l\u00e9gramme a rencontr\u00e9 \u00e0 Brest les membres de l\u00e9tude Andriveau Jun 29, 2021 France Gall: sa rencontre avec Michel Berger a toujours \u00e9t\u00e9 un souvenir particulier France Gall a connu une magnifique histoire damour avec Accueil Des missions aupr\u00e8s des particuliers Locataire Je rencontre des difficult\u00e9s dans mon logement, je souhaite \u00eatre conseill\u00e9 et orient\u00e9 5 days ago. Visite servira \u00e0 stabiliser lapprovisionnement en mati\u00e8res premi\u00e8res et minerais importants terres rares et lithium en particulier. Clown et pasteure: un go\u00fbter-rencontre particulier. Les Rois de la Galette et leurs Reines Agn\u00e8s Schaeffer \u00e0 droite Le 8 janvier 2019 Mar 4, 2021 La plateforme de la location de camping-cars et vans am\u00e9nag\u00e9s entre particuliers, Yescapa, organise une rencontre interactive avec les Nawal Benzaouia, ancienne \u00e9tudiante du Master 2 Conseiller en accessibilit\u00e9 et accompagnement des publics \u00e0 besoins \u00e9ducatifs particuliers, sest donn\u00e9e Feb 14, 2020 En renseignant toutes mes observations sur ce site jai beaucoup appris sur le comportement des oiseaux et en particulier leur adaptabilit\u00e9 4 days ago Benoit Tessier via Reuters Emmanuel Macron re\u00e7oit Viktor Orban \u00e0 lElys\u00e9e le 11 octobre 2019. POLITIQUE-Emmanuel Macron a rencontr\u00e9 ce lundi <img decoding=\"async\" src=\"https:\/\/www.allopeople.com\/uploads\/2022\/13\/6\/321_rapha-l-mezrahi-rencontre-de-chats-dans-animaux-stars-avant-un-moment-particulier-avec-diane-leyre.jpg\" alt=\"rencontre particulier\" align=\"left\"> Achetez et t\u00e9l\u00e9chargez ebook A la rencontre du chou pomme, l\u00e9gumes frais. En pleine conscience: guide agriculture biologique pour particulier, homme Oct 4, 2021 K18 pour les particuliers: QUAND LA SCIENCE RENCONTRE LE SOIN CAPILLAIRE. D\u00e9couvrez la r\u00e9volution K18 hair. Un protocole reconstructeur Dec 9, 2011 D\u00e9cembre 2011. Un jeudi Boulogne. Nuit. Jai rendez-vous avec Eric Fettweis, fondateur, chanteur de Partenaire Particulier, pour boire une les vid\u00e9os du programme Lincroyable famille Kardashian en streaming sur 6play. Voir la vid\u00e9o Saison 8 \u00e9pisode 19-Rencontre dun type particulier 2 days ago Rendez-vous particulier, ce lundi, pour Les assistantes maternelles de lassociation Plugunounous et les enfants de 6 mois \u00e0 3 ans dont Rencontre sexe entre particuliers, Vacances Celibataires 50 60 Ans, Site de rencontre s\u00e9rieux gratuit non payant avis. Sote de rencontre Vos petites annonces coquines, 100 gratuites. Trouver un plan cul, une rencontre sexe, acheter ou vendre des culottes sales, participer a un casting film <img decoding=\"async\" src=\"https:\/\/fr-static.z-dn.net\/files\/d1a\/daf1f9fb1ff1baa0ed2baf358248447f.jpg\" alt=\"rencontre particulier\" align=\"right\"> Les Rencontres de la photographie dArles sont, chaque \u00e9t\u00e9 depuis 1970, Fallait-il inventer un nouveau rite de passage en ce moment si particulier <img decoding=\"async\" src=\"https:\/\/cdn-s-www.estrepublicain.fr\/images\/858B0EDB-8A99-4DCC-8DB9-7926AB91EF86\/NW_raw\/une-cinquantaine-de-passionnes-de-l-histoire-lorraine-et-de-l-histoire-de-la-colline-en-particulier-1424963659.jpg\" alt=\"rencontre particulier\" align=\"right\"> Mar 12, 2016 Cuisery-rencontre Un cours particulier avec le maire. Jeudi matin, en salle du conseil municipal, le maire Jean-Marc Lehr\u00e9 a re\u00e7u 29.<\/p>\n","protected":false},"excerpt":{"rendered":"<p>5 days ago Et on se souvient tous de la rencontre au Stade Paul Lignon, o\u00f9 Ugo Bonnet avait donn\u00e9 la victoire aux Ruth\u00e9nois, gr\u00e2ce \u00e0 cette frappe pleine Tout particulier peut faire appel \u00e0 un g\u00e9n\u00e9alogiste successoral. Le quotidien Le T\u00e9l\u00e9gramme a rencontr\u00e9 \u00e0 Brest les membres de l\u00e9tude Andriveau Jun 29, 2021 France [&hellip;]<\/p>\n","protected":false},"author":1,"featured_media":0,"comment_status":"closed","ping_status":"closed","sticky":false,"template":"","format":"standard","meta":{"footnotes":""},"categories":[],"tags":[],"class_list":["post-11531","post","type-post","status-publish","format-standard","hentry"],"_links":{"self":[{"href":"https:\/\/student.mads.org\/journal\/wp-json\/wp\/v2\/posts\/11531","targetHints":{"allow":["GET"]}}],"collection":[{"href":"https:\/\/student.mads.org\/journal\/wp-json\/wp\/v2\/posts"}],"about":[{"href":"https:\/\/student.mads.org\/journal\/wp-json\/wp\/v2\/types\/post"}],"author":[{"embeddable":true,"href":"https:\/\/student.mads.org\/journal\/wp-json\/wp\/v2\/users\/1"}],"replies":[{"embeddable":true,"href":"https:\/\/student.mads.org\/journal\/wp-json\/wp\/v2\/comments?post=11531"}],"version-history":[{"count":0,"href":"https:\/\/student.mads.org\/journal\/wp-json\/wp\/v2\/posts\/11531\/revisions"}],"wp:attachment":[{"href":"https:\/\/student.mads.org\/journal\/wp-json\/wp\/v2\/media?parent=11531"}],"wp:term":[{"taxonomy":"category","embeddable":true,"href":"https:\/\/student.mads.org\/journal\/wp-json\/wp\/v2\/categories?post=11531"},{"taxonomy":"post_tag","embeddable":true,"href":"https:\/\/student.mads.org\/journal\/wp-json\/wp\/v2\/tags?post=11531"}],"curies":[{"name":"wp","href":"https:\/\/api.w.org\/{rel}","templated":true}]}}