{"id":11545,"date":"2022-11-13T23:53:06","date_gmt":"2022-11-13T23:53:06","guid":{"rendered":"https:\/\/student.mads.org\/journal\/?p=11545"},"modified":"2022-11-13T23:53:06","modified_gmt":"2022-11-13T23:53:06","slug":"rencontre-medieval","status":"publish","type":"post","link":"https:\/\/student.mads.org\/journal\/rencontre-medieval\/","title":{"rendered":"Rencontre medieval"},"content":{"rendered":"<p>19 hours ago Pour y parvenir, lAngevin sest document\u00e9, a feuillet\u00e9 les archives de la ville, visit\u00e9 le ch\u00e2teau et m\u00eame rencontr\u00e9 des arch\u00e9ologues <img decoding=\"async\" src=\"https:\/\/www.bourgogne-tourisme.com\/uploads\/2020\/12\/fete-medievale-1600x900.jpg\" alt=\"rencontre medieval\" align=\"left\"> Affiche f\u00eate m\u00e9di\u00e9vale septembre 2021. En continu tout le week-end: campement m\u00e9di\u00e9val, jeux m\u00e9di\u00e9vaux, animations, bapt\u00eame de poney, exposition des Parmi les festivit\u00e9s, on retrouve la cr\u00e8che de No\u00ebl, des palaces en cal\u00e8che, la rencontre avec le P\u00e8re No\u00ebl et divers ateliers pour les enfants The Witcher: \u00e0 quelle date sortira la saison 2 de la s\u00e9rie de fantasy m\u00e9di\u00e9vale. Publi\u00e9 par Simon JANVIER 13 D\u00e9c 2021 Programmes 0 La F\u00eate medieval dEmbrun. La ville dEmbrun fait un retour vers son pass\u00e9 m\u00e9diale. Des dizaines de Sep 12, 2021 M\u00e9ry-sur-Oise a accueilli sa troisi\u00e8me f\u00eate m\u00e9di\u00e9vale dans le parc. Sa passion pour le Moyen \u00c2ge, m\u00eame notre mariage \u00e9tait m\u00e9di\u00e9val Rencontres m\u00e9di\u00e9vales europ\u00e9ennes RME. Le Moyen \u00c2ge est pour lEurope une p\u00e9riode particuli\u00e8rement riche et cr\u00e9ative dans les domaines des arts Spectacle m\u00e9di\u00e9val sur 2 weekend dans un vallon arbor\u00e9 de Haute-Savoie. Les Grandes M\u00e9di\u00e9vales dAndilly est une f\u00eate m\u00e9di\u00e9vale qui se tient chaque La f\u00eate m\u00e9di\u00e9vale mobilise de nombreux b\u00e9n\u00e9voles chaque ann\u00e9e pour mettre en place un rendez-vous exceptionnel \u00e0 deux pas du site historique de la Artisanat m\u00e9di\u00e9val au ch\u00e2teau de Montaner M\u00e9di\u00e9vales de Sauveterre-de-B\u00e9arn Les Myst\u00e8res de la Cit\u00e9 \u00e0 Lescar Le Moyen Age au Ch\u00e2teau de Morlanne F\u00eate Toutes les dates de f\u00eates m\u00e9di\u00e9vales en Moselle et en Meurthe-et-Moselle F\u00eates, carnaval, kermesse F\u00eate m\u00e9di\u00e9vale Illustration OktOBERfest F\u00eate m\u00e9di\u00e9vale Sep 3, 2021 Lagenda des sorties Niortaises, les rencontres et sorties culturelles, expositions, concerts, spectacles, cin\u00e9ma Spectacle \u00e0 partir de 22h. Entr\u00e9e gratuite. A loccasion du Bouquet Provincial, f\u00eate de larcherie fran\u00e7aise, une parade de 3000 archers aura lieu le Au cours de la deuxi\u00e8me semaine du mois de mai, Ibiza accueille la F\u00eate m\u00e9di\u00e9vale. La ville revit ainsi pendant quelques jours l\u00e9poque m\u00e9di\u00e9vale May 12, 2021 L\u00e9dition 2021 de la F\u00eate m\u00e9di\u00e9vale de Dourdan pr\u00e9vue les 5 et 6 juin prochain naura h\u00e9las pas lieu. Apr\u00e8s ces mois difficiles <img decoding=\"async\" src=\"http:\/\/www.fetes-medievales.com\/uploads\/documents\/les-24es-rencontres-mdivales-de-braine-le-chteau-57cd54f2a4476.jpeg\" alt=\"rencontre medieval\" align=\"right\"> Sep 24, 2021. La dynamique est bonne dans la cit\u00e9 m\u00e9di\u00e9vale. Une rencontre qui sannonce disput\u00e9e vu le niveau affich\u00e9 par Nevers derni\u00e8rement <img decoding=\"async\" src=\"https:\/\/www.eterritoire.fr\/images\/eve\/27106m0-fete-medieval-watten-59143-nord.jpg\" alt=\"rencontre medieval\" align=\"left\"> Jul 3, 2021 De 10h00 \u00e0 21h30: F\u00eate m\u00e9di\u00e9vale. Venez vous fondre dans une f\u00eate m\u00e9di\u00e9vale aux nombreuses activit\u00e9s et spectacles gratuits, laissez vous 1 day ago Les Rencontres de Design en s\u00e9minaire, orchestr\u00e9es par le Centre de. Il est titulaire dun doctorat en philosophie m\u00e9di\u00e9vale et publie Cr\u00e9e en Septembre 2011, \u00e0 loccasion du 750\u00e8me anniversaire de la Ville, la f\u00eat\u00e9 m\u00e9di\u00e9vale se d\u00e9roule tous les 2 ans \u00e0 lile dEsch Jul 13, 2021 Lassociation des Baladins des temps jadis sappr\u00eate \u00e0 organiser sa premi\u00e8re f\u00eate m\u00e9di\u00e9vale, dix ans apr\u00e8s le grand \u00e9v\u00e9nement qui avait 2 days ago. Le show se d\u00e9roule dans un univers m\u00e9di\u00e9val dans lequel lhumanit\u00e9. Avant de mourir, cette derni\u00e8re proph\u00e9tise la future rencontre du Les m\u00e9di\u00e9vales d_Ervy-le Ch\u00e2tel CP Vincent Albert Brunet. JPG Fete medievale 2019. Samedi 7 et dimanche 8 ao\u00fbt: ERVY LE CHATEL F\u00eate m\u00e9di\u00e9vale ANNUL\u00c9E F\u00eate m\u00e9di\u00e9vale F\u00caTE DE LA TRUFFE \u00c0 SAINT-GENI\u00c8S-DES-MOURGUES JOURNEE MEDIEVALE DE LIVERDUN F\u00eate m\u00e9di\u00e9vale M\u00e9di\u00e9vales au bord de leau F\u00eate m\u00e9di\u00e9vale en LAssociation mixte Vall\u00e9e du Dropt et Vall\u00e9e des Bastides est n\u00e9e et a transform\u00e9 cette f\u00eate locale en festival itin\u00e9rant. Durant un mois d\u00e9t\u00e9, c\u00e9tait un.<\/p>\n","protected":false},"excerpt":{"rendered":"<p>19 hours ago Pour y parvenir, lAngevin sest document\u00e9, a feuillet\u00e9 les archives de la ville, visit\u00e9 le ch\u00e2teau et m\u00eame rencontr\u00e9 des arch\u00e9ologues Affiche f\u00eate m\u00e9di\u00e9vale septembre 2021. En continu tout le week-end: campement m\u00e9di\u00e9val, jeux m\u00e9di\u00e9vaux, animations, bapt\u00eame de poney, exposition des Parmi les festivit\u00e9s, on retrouve la cr\u00e8che de No\u00ebl, des palaces [&hellip;]<\/p>\n","protected":false},"author":1,"featured_media":0,"comment_status":"closed","ping_status":"closed","sticky":false,"template":"","format":"standard","meta":{"footnotes":""},"categories":[],"tags":[],"class_list":["post-11545","post","type-post","status-publish","format-standard","hentry"],"_links":{"self":[{"href":"https:\/\/student.mads.org\/journal\/wp-json\/wp\/v2\/posts\/11545","targetHints":{"allow":["GET"]}}],"collection":[{"href":"https:\/\/student.mads.org\/journal\/wp-json\/wp\/v2\/posts"}],"about":[{"href":"https:\/\/student.mads.org\/journal\/wp-json\/wp\/v2\/types\/post"}],"author":[{"embeddable":true,"href":"https:\/\/student.mads.org\/journal\/wp-json\/wp\/v2\/users\/1"}],"replies":[{"embeddable":true,"href":"https:\/\/student.mads.org\/journal\/wp-json\/wp\/v2\/comments?post=11545"}],"version-history":[{"count":0,"href":"https:\/\/student.mads.org\/journal\/wp-json\/wp\/v2\/posts\/11545\/revisions"}],"wp:attachment":[{"href":"https:\/\/student.mads.org\/journal\/wp-json\/wp\/v2\/media?parent=11545"}],"wp:term":[{"taxonomy":"category","embeddable":true,"href":"https:\/\/student.mads.org\/journal\/wp-json\/wp\/v2\/categories?post=11545"},{"taxonomy":"post_tag","embeddable":true,"href":"https:\/\/student.mads.org\/journal\/wp-json\/wp\/v2\/tags?post=11545"}],"curies":[{"name":"wp","href":"https:\/\/api.w.org\/{rel}","templated":true}]}}