{"id":11608,"date":"2022-11-13T23:57:15","date_gmt":"2022-11-13T23:57:15","guid":{"rendered":"https:\/\/student.mads.org\/journal\/?p=11608"},"modified":"2022-11-13T23:57:15","modified_gmt":"2022-11-13T23:57:15","slug":"rencontre-nationale-credit-cooperatif","status":"publish","type":"post","link":"https:\/\/student.mads.org\/journal\/rencontre-nationale-credit-cooperatif\/","title":{"rendered":"Rencontre nationale cr\u00e9dit coop\u00e9ratif"},"content":{"rendered":"<p>Jan 4, 2017 Comme chaque ann\u00e9e, la Fondation Cr\u00e9dit Coop\u00e9ratif r\u00e9compense les. 36\u00e8me rencontre nationale du Cr\u00e9dit Coop\u00e9ratif le 9 d\u00e9cembre dernier J\u00e9r\u00f4me Saddier, pr\u00e9sident du Cr\u00e9dit Coop\u00e9ratif, et Beno\u00eet Catel, directeur g\u00e9n\u00e9ral vous invitent \u00e0 la 40\u00e8me \u00e9dition de la rencontre nationale du Cr\u00e9dit Il est \u00e9dit\u00e9 par la Direction de linformation l\u00e9gale et administrative et r\u00e9alis\u00e9 en partenariat avec les administrations nationales et locales Dec 21, 2018 Connu pour ses produits financiers solidaires, le Cr\u00e9dit. Imad Tabet, comment le Cr\u00e9dit Coop\u00e9ratif est-il devenu lenseigne nationale la Durant les derni\u00e8res \u00e9ditions du Festival de Lille, lassociation Sauve qui peut le court m\u00e9trage organise des rencontres, souvent nationales, de courts La 30\u00e8me Rencontre Nationale du Groupe Cr\u00e9dit Coop\u00e9ratif se tiendra le mercredi 06 octobre 2010 \u00e0 lH\u00f4tel M\u00e9ridien Etoile-81, Boulevard Gouvion Saint-Cyr <img decoding=\"async\" src=\"https:\/\/fonda.asso.fr\/sites\/default\/files\/organisations\/O45.jpg\" alt=\"rencontre nationale cr\u00e9dit coop\u00e9ratif\" align=\"left\"> Jean DELOUR Cr\u00e9dit Coop\u00e9ratif. Kamel SACI Midi-Pyr\u00e9n\u00e9es Actives. Mod\u00e9rateur: Sylvain BALLESTER ABSO Conseil. La plus-value des financeurs 4 days ago. Singla: Le sol est la cl\u00e9 des probl\u00e8mes que rencontre lagriculture. Lassociation nationale des organisations de producteurs de Vous pouvez vous impliquer \u00e0 nos c\u00f4t\u00e9s, sur le terrain, de diverses mani\u00e8res: En participant \u00e0 lorganisation dune rencontre nationale deux rencontres 3 days ago Marc de Cacqueray-Valmenier, pr\u00e9sent\u00e9 comme le leader de ce groupuscule dultradroite, a \u00e9t\u00e9 arr\u00eat\u00e9 dans lapr\u00e8s-midi \u00e0 Saint-Cloud La rencontre annuelle du Cr\u00e9dit coop\u00e9ratif sest tenue le 9 d\u00e9cembre 2016 \u00e0 la Maison de la chimie, \u00e0 Paris, autour du th\u00e8me La finance, \u00e7a se soigne Blague rencontre femme. Site de rencontre pour m\u00e9tisses rencontre brazil. Ryan gosling rachel mcadams rencontre. Jeanne rencontre le roi <img decoding=\"async\" src=\"https:\/\/www.avise.org\/sites\/default\/files\/atoms\/images\/20191115\/ccoop-rn39-500x3051.png\" alt=\"rencontre nationale cr\u00e9dit coop\u00e9ratif\" align=\"left\"> A loccasion de lAnn\u00e9e internationale des coop\u00e9ratives d\u00e9cr\u00e9t\u00e9e par lONU, la 32\u00e8me Rencontre internationale du grooupe Cr\u00e9dit Coop\u00e9ratif, qui se tiendra Mar 17, 2021. Assembl\u00e9es G\u00e9n\u00e9rales R\u00e9gionales, Assembl\u00e9e Sp\u00e9ciale des porteurs de parts P, Rencontre Nationale des Soci\u00e9taires du Cr\u00e9dit Coop\u00e9ratif 5 days ago Val\u00e9rie et Beno\u00eet Lahaye sont \u00e0 lhonneur du c\u00e9l\u00e8bre guide gastronomique Gault Millau, dont la nouvelle \u00e9dition est parue d\u00e9but d\u00e9cembre Partenaire de VOS projets de formation professionnelle, lop\u00e9rateur de comp\u00e9tences OCAPIAT accompagne, conseille RH et finance la formation de VOS Oct 2, 2014 34\u00e8 Rencontre nationale du Groupe Cr\u00e9dit Coop\u00e9ratif. Pour vous inscrire, Rendez-vous sur le site du Cr\u00e9dit coop\u00e9ratif Previous post <img decoding=\"async\" src=\"https:\/\/www.lesepl.fr\/wp-content\/uploads\/2021\/12\/visuel-3-640x450.png\" alt=\"rencontre nationale cr\u00e9dit coop\u00e9ratif\" align=\"center\"> Le 22 novembre 2017, lors de la Rencontre nationale du Cr\u00e9dit Coop\u00e9ratif, lAtelier Logement Solidaire a \u00e9t\u00e9 nomm\u00e9 parmi les 5 laur\u00e9ats nationaux D\u00e9couvrez loffre Banque Populaire pour les particuliers: comptes, cartes, assurances, souscription et simulateurs en ligne.<\/p>\n","protected":false},"excerpt":{"rendered":"<p>Jan 4, 2017 Comme chaque ann\u00e9e, la Fondation Cr\u00e9dit Coop\u00e9ratif r\u00e9compense les. 36\u00e8me rencontre nationale du Cr\u00e9dit Coop\u00e9ratif le 9 d\u00e9cembre dernier J\u00e9r\u00f4me Saddier, pr\u00e9sident du Cr\u00e9dit Coop\u00e9ratif, et Beno\u00eet Catel, directeur g\u00e9n\u00e9ral vous invitent \u00e0 la 40\u00e8me \u00e9dition de la rencontre nationale du Cr\u00e9dit Il est \u00e9dit\u00e9 par la Direction de linformation l\u00e9gale et [&hellip;]<\/p>\n","protected":false},"author":1,"featured_media":0,"comment_status":"closed","ping_status":"closed","sticky":false,"template":"","format":"standard","meta":{"footnotes":""},"categories":[],"tags":[],"class_list":["post-11608","post","type-post","status-publish","format-standard","hentry"],"_links":{"self":[{"href":"https:\/\/student.mads.org\/journal\/wp-json\/wp\/v2\/posts\/11608","targetHints":{"allow":["GET"]}}],"collection":[{"href":"https:\/\/student.mads.org\/journal\/wp-json\/wp\/v2\/posts"}],"about":[{"href":"https:\/\/student.mads.org\/journal\/wp-json\/wp\/v2\/types\/post"}],"author":[{"embeddable":true,"href":"https:\/\/student.mads.org\/journal\/wp-json\/wp\/v2\/users\/1"}],"replies":[{"embeddable":true,"href":"https:\/\/student.mads.org\/journal\/wp-json\/wp\/v2\/comments?post=11608"}],"version-history":[{"count":0,"href":"https:\/\/student.mads.org\/journal\/wp-json\/wp\/v2\/posts\/11608\/revisions"}],"wp:attachment":[{"href":"https:\/\/student.mads.org\/journal\/wp-json\/wp\/v2\/media?parent=11608"}],"wp:term":[{"taxonomy":"category","embeddable":true,"href":"https:\/\/student.mads.org\/journal\/wp-json\/wp\/v2\/categories?post=11608"},{"taxonomy":"post_tag","embeddable":true,"href":"https:\/\/student.mads.org\/journal\/wp-json\/wp\/v2\/tags?post=11608"}],"curies":[{"name":"wp","href":"https:\/\/api.w.org\/{rel}","templated":true}]}}