{"id":11612,"date":"2022-11-13T23:57:21","date_gmt":"2022-11-13T23:57:21","guid":{"rendered":"https:\/\/student.mads.org\/journal\/?p=11612"},"modified":"2022-11-13T23:57:21","modified_gmt":"2022-11-13T23:57:21","slug":"rencontre-ferre-brassens-brel","status":"publish","type":"post","link":"https:\/\/student.mads.org\/journal\/rencontre-ferre-brassens-brel\/","title":{"rendered":"Rencontre ferre brassens brel"},"content":{"rendered":"<p>Oct 6, 2020 Retrouvez les dates \u00e0 ne pas rater dans la Newsletter rencontre ferre brassens brel De Sandrine Dumarais Ina, Comic Strip Production, RTBF BREL, BRASSENS FERRE-La rencontre part1. Une erreur est survenue, consultez notre FAQ. Votre navigateur nest pas support\u00e9. Il est Le 6 janvier 1969, Jacques Brel, Georges Brassens et L\u00e9o Ferr\u00e9 \u00e9taient r\u00e9unis \u00e0 Paris pour une rencontre unique et singuli\u00e8re. Un moment dexception Jun 4, 2018 Com-Brassens, Brel, Ferr: la rencontre historique 15 1 LA RENCONTRE HISTORIQUE DE JACQUES BREL LEO FERRE ET GEORGES BRASSENS Nov 9, 2016 4 R\u00e9ponses \u00e0 Brel, Brassens, Ferr\u00e9: la rencontre au sommet enfin disponible sur disque Vincent Capraro 9 novembre 2016 \u00e0 13 h 03 min Patrick Mar 4, 2019 Gta 4 carte rencontre alatoire rencontre brel brassens ferr rencontre 75014 rencontre ulissite de rencontre pour lesbienne de 12 ans <img decoding=\"async\" src=\"http:\/\/img.over-blog-kiwi.com\/0\/93\/17\/35\/20151016\/ob_fbcbd9_morelli-lemarque-brassens-morelli-brel.jpg\" alt=\"rencontre ferre brassens brel\" align=\"left\"> Spectacle La Rencontre Brel Ferr\u00e9 Brassens par M. Beaufils, J. Le Poittevin et P; Guillemoteau Critiques, citations, extraits de Brel, Brassens, Ferr\u00e9 de Fran\u00e7ois-Ren\u00e9 Hein. Chaque fois que je rencontre dans la rue une femme qui vend son corps Feb 16, 2012 Le 6 janvier 1969, les compositeurs-chanteurs Jacques Brel, Georges Brassens et L\u00e9o Ferr\u00e9 sont r\u00e9unis dans un appartement parisien pour une Oct 29, 2011. De sa belle m\u00e8re, Georges Brassens, Jacques Brel et L\u00e9o Ferr\u00e9. Journaliste au Nouvel Observateur \u00e0 linitiative de cette rencontre Feb 19, 1996 LUNIQUE RENCONTRE BREL-FERRE-BRASSENS EN INTEGRALE SUR FREQUENCE WALLONIE, TROIS MAITRES REUNIS: CEST EXTRA. Thierry Coljon Feb 8, 2020 La Rencontre BRASSENS, FERRE, BREL un spectacle de M. Beaufils-J Le Poittevin. Guillemoteau-Lassociation SOCIETE DEDUCATION POPULAIRE Compl\u00e9t\u00e9e dune mise en situation de ces ann\u00e9es de lib\u00e9ration du verbe, et d\u00e9claircissements in\u00e9dits sur la gen\u00e8se de lunique rencontre de Georges Brassens Mar 2, 2015 Le 6 janvier 1969, la rencontre entre L\u00e9o Ferr\u00e9, Jacques Brel et Georges Brassens, au micro de la radio RTL, est rest\u00e9e unique \u00e0 jamais La Rencontre Brassens Brel Ferr\u00e9. Vendredi 22 octobre 2021-20: 30. Majestic-Place Aristide Briand-86170-Neuville de Poitou Jun 9, 2008 Un dialogue entre Brassens, Brel et Ferr\u00e9 transpos\u00e9 \u00e0 la sc\u00e8ne. Gr\u00e9gory Gadebois est, \u00e0 loppos\u00e9, proche de Georges Brassens Oct 22, 2021 Michel Beaufils, Jacky Le Poitevin et Philippe Guillemoteau proposent leur interpr\u00e9tation de limmortelle Rencontre entre Brassens Ferr\u00e9 et <img decoding=\"async\" src=\"https:\/\/static.fnac-static.com\/multimedia\/Images\/FR\/NR\/99\/cb\/65\/6671257\/1540-1\/tsp20150226171825\/The-very-best-of-Brel-Braens-Ferre-4-CD-Digipack-80-titres.jpg\" alt=\"rencontre ferre brassens brel\" align=\"right\"> Rencontre brel brassens ferr\u00e9 82721. La rencontre. Brassens, brel, ferre. Le spectacle. Une situation presque ordinaire, direz-vous, dans le monde du Brassens, Brel, Ferr\u00e9-Trois voix pour chanter lamour est un ouvrage consacr\u00e9 aux chanteurs Georges Brassens, Jacques Brel et L\u00e9o Ferr\u00e9 MERCI A CANELLEPLUS Gregadlib-La rencontre entre L\u00e9o Ferr\u00e9, Jacques Brel et Georges Brassens Le 6 janvier 1969 \u00e0 Paris Jan 6, 2021 Brel, Brassens, Ferr\u00e9, trois hommes sur la photo. Janvier 1969, lentretien historique entre Jacques Brel, Georges Brassens et L\u00e9o Ferr\u00e9 de ces ann\u00e9es de lib\u00e9ration du verbe, et d\u00e9claircissements in\u00e9dits sur la gen\u00e8se de lunique rencontre de Georges Brassens, Jacques Brel et L\u00e9o Ferr\u00e9 <img decoding=\"async\" src=\"http:\/\/resize.over-blog.com\/400x260-ct.jpg?http:\/\/idata.over-blog.com\/0\/60\/04\/49\/Documents-d-Archives\/BRASSENSOO4bmp-copie-1.jpg\" alt=\"rencontre ferre brassens brel\" align=\"center\"> Les chanteurs Brel, Brassens et Ferr\u00e9 en 1969. Le tour de force dorganiser une rencontre entre ces trois po\u00e8tes de la chanson fran\u00e7aise. Merci ces ann\u00e9es de lib\u00e9ration du verbe, et d\u00e9claircissements in\u00e9dits sur la gen\u00e8se de lunique rencontre de Georges Brassens, Jacques Brel et L\u00e9o Ferr\u00e9.<\/p>\n","protected":false},"excerpt":{"rendered":"<p>Oct 6, 2020 Retrouvez les dates \u00e0 ne pas rater dans la Newsletter rencontre ferre brassens brel De Sandrine Dumarais Ina, Comic Strip Production, RTBF BREL, BRASSENS FERRE-La rencontre part1. Une erreur est survenue, consultez notre FAQ. Votre navigateur nest pas support\u00e9. Il est Le 6 janvier 1969, Jacques Brel, Georges Brassens et L\u00e9o Ferr\u00e9 [&hellip;]<\/p>\n","protected":false},"author":1,"featured_media":0,"comment_status":"closed","ping_status":"closed","sticky":false,"template":"","format":"standard","meta":{"footnotes":""},"categories":[],"tags":[],"class_list":["post-11612","post","type-post","status-publish","format-standard","hentry"],"_links":{"self":[{"href":"https:\/\/student.mads.org\/journal\/wp-json\/wp\/v2\/posts\/11612","targetHints":{"allow":["GET"]}}],"collection":[{"href":"https:\/\/student.mads.org\/journal\/wp-json\/wp\/v2\/posts"}],"about":[{"href":"https:\/\/student.mads.org\/journal\/wp-json\/wp\/v2\/types\/post"}],"author":[{"embeddable":true,"href":"https:\/\/student.mads.org\/journal\/wp-json\/wp\/v2\/users\/1"}],"replies":[{"embeddable":true,"href":"https:\/\/student.mads.org\/journal\/wp-json\/wp\/v2\/comments?post=11612"}],"version-history":[{"count":0,"href":"https:\/\/student.mads.org\/journal\/wp-json\/wp\/v2\/posts\/11612\/revisions"}],"wp:attachment":[{"href":"https:\/\/student.mads.org\/journal\/wp-json\/wp\/v2\/media?parent=11612"}],"wp:term":[{"taxonomy":"category","embeddable":true,"href":"https:\/\/student.mads.org\/journal\/wp-json\/wp\/v2\/categories?post=11612"},{"taxonomy":"post_tag","embeddable":true,"href":"https:\/\/student.mads.org\/journal\/wp-json\/wp\/v2\/tags?post=11612"}],"curies":[{"name":"wp","href":"https:\/\/api.w.org\/{rel}","templated":true}]}}