{"id":11733,"date":"2022-11-14T00:06:07","date_gmt":"2022-11-14T00:06:07","guid":{"rendered":"https:\/\/student.mads.org\/journal\/?p=11733"},"modified":"2022-11-14T00:06:07","modified_gmt":"2022-11-14T00:06:07","slug":"rencontre-avec-des-arbres-remarquables","status":"publish","type":"post","link":"https:\/\/student.mads.org\/journal\/rencontre-avec-des-arbres-remarquables\/","title":{"rendered":"Rencontre avec des arbres remarquables"},"content":{"rendered":"<p>Oct 22, 1997 Historien, auteur douvrages qui ont fait date, Thomas Pakenham est aussi propri\u00e9taire terrien. Sur son domaine irlandais poussent plus de Rencontre avec Georges Feterman, pr\u00e9sident de lAssociation ARBRES qui r\u00e9pertorie les arbres remarquables Rencontre avec des arbres remarquables-un hommage passionn\u00e9 Cartonn\u00e9 achat en ligne au meilleur prix sur E Leclerc. Retrait gratuit dans de 700 Un arbre remarquable est un arbre rep\u00e9r\u00e9 pour diverses particularit\u00e9s. Il rel\u00e8ve donc dun patrimoine par sa raret\u00e9, ses dimensions, Et peuvent abriter diverses c\u00e9r\u00e9monies ou \u00eatre un lieu de rencontre Jan 4, 2014 Seulement deux dans les P-O. Lui, cest un platane. On ne conna\u00eet pas son \u00e2ge exact. Plus de 150 ans. Rencontre avec ce v\u00e9n\u00e9rable trisa\u00efeul <img decoding=\"async\" src=\"https:\/\/cdn-s-www.ledauphine.com\/images\/4923CB43-ACAA-4116-A56F-AD40270C5580\/NW_raw\/de-gauche-a-droite-emilie-coste-chareyre-ingenieure-onf-laurent-roudet-technicien-chef-de-l-onf-et-georges-communal-maire-d-arvillard-et-president-de-l-association-des-communes-forestieres-de-savoie-repondant-aux-nombreuses-questions-du-public-photo-le-dl-b-m-1649600848.jpg\" alt=\"rencontre avec des arbres remarquables\" align=\"right\"> Apr 30, 2021 Ch\u00eanes, if et glycine. Rencontre avec quatre arbres remarquables de la r\u00e9gion de Guingamp C\u00f4tes-dArmor. Ils ont chacun leur singularit\u00e9 A la d\u00e9couverte du patrimoine culturel et naturel dEure-et-Loir. Remarquable d\u00e9cern\u00e9 par lassociation A R. B R. E. S Arbres Remarquables: Bilan Lif de la chapelle de Prado \u00e0 Guer est class\u00e9 dans la cat\u00e9gorie Bel arbre \u00e0 linventaire des Arbres remarquables en Bretagne. En 2018, cet arbre est fendu Les annonces: la rencontre des arbres remarquables et de la biodiversite-dans la rubrique Les nouveaut\u00e9s du portail culturel Spectable en France Notre guide vous fera rencontrer les arbres remarquables de Collobri\u00e8res. Les arbres sont des \u00eatres vivants. Ils sont remarquables, anciens, exotiques ou <img decoding=\"async\" src=\"https:\/\/metropole.nantes.fr\/files\/images\/dossier-ete\/parcours-arbres-1920.png\" alt=\"rencontre avec des arbres remarquables\" align=\"right\"> Nov 27, 2020 Pour le printemps 2021, la Mce pr\u00e9pare une exposition sur les arbres remarquables dIlle-et-Vilaine et leur lien avec des personnes 20h30 Cin\u00e9 D\u00e9bat Les arbres remarquables. Un patrimoine \u00e0 prot\u00e9ger un film de Georges Feterman, Jean-Pierre Duval et Caroline Breton <img decoding=\"async\" src=\"https:\/\/www.caue77.fr\/media\/cache\/caueidf_article_main\/uploads\/media\/caueidf\/0001\/17\/49e7334f2cd9b55c84880b2ec794a598edcd967c.jpeg\" alt=\"rencontre avec des arbres remarquables\" align=\"center\"> Film Arbres et For\u00eats Remarquables au Montluc Cin\u00e9ma. Visiter un arbre, rencontrer leurs propri\u00e9taires ou les habitants, le mesurer, et selon un tas Leur patrimoine remarquable vous r\u00e9servera bien des surprises. \u00c0 Anduze et Saint-Jean-du-Gard, les coins de baignade, les restaurants aux terrasses Projection suivie dun \u00e9change avec Georges Feterman. Ce film fait suite au documentaire Arbres remarquables, un patrimoine \u00e0 prot\u00e9ger qui rencontra un tr\u00e8s Nov 6, 2018 Imaginez une route des arbres du Vercors reliant les plus remarquables dentre eux. Sortez vos objectifs, fusains et aquarelles pour croquer Aug 26, 2021 Pour lheure, Arbres et for\u00eats remarquables nous invite \u00e0 d\u00e9couvrir. \u00c0 la rencontre des agrofor\u00eats magnifiques de l\u00eele de la R\u00e9union Initiative remarquable du Consistoire isra\u00e9lite de Montpellier: proposer une dizaine. Vertueux avec des centaines darbres et des milliers de plantes May 28, 2021 Thierry Coudert, Pr\u00e9fet de Seine-et-Marne, a ainsi \u00e9chang\u00e9 avec les membres du CAUE 77, lassociation Arbres remarquables de France, Aude Luquet R\u00e9sum\u00e9. Les rencontres propos\u00e9es par cet ouvrage vont au-del\u00e0 du simple catalogue des plus grands, plus vieux ou plus beaux arbres de la r\u00e9gion 3 days ago Le vice-Premier ministre chinois, Hu Chunhua, et le ministre. La coop\u00e9ration agricole a r\u00e9alis\u00e9 des r\u00e9sultats remarquables, et la Vous avez vu un arbre remarquable dans le d\u00e9partement de la Vienne. Vienne Nature retourne \u00e0 la rencontre des plus beaux arbres du d\u00e9partement au titre de la d\u00e9marche de valorisation des arbres remarquables, et de leur saisie dans la base de donn\u00e9es d\u00e9di\u00e9e:-Rencontre avec les communes Mar 13, 2018 Evan Apr\u00e8s on a descendu une rue de Sardieu et en bas, il.. Notre sortie dans le village \u00e0 la rencontre des arbres remarquables.<\/p>\n","protected":false},"excerpt":{"rendered":"<p>Oct 22, 1997 Historien, auteur douvrages qui ont fait date, Thomas Pakenham est aussi propri\u00e9taire terrien. Sur son domaine irlandais poussent plus de Rencontre avec Georges Feterman, pr\u00e9sident de lAssociation ARBRES qui r\u00e9pertorie les arbres remarquables Rencontre avec des arbres remarquables-un hommage passionn\u00e9 Cartonn\u00e9 achat en ligne au meilleur prix sur E Leclerc. Retrait gratuit [&hellip;]<\/p>\n","protected":false},"author":1,"featured_media":0,"comment_status":"closed","ping_status":"closed","sticky":false,"template":"","format":"standard","meta":{"footnotes":""},"categories":[],"tags":[],"class_list":["post-11733","post","type-post","status-publish","format-standard","hentry"],"_links":{"self":[{"href":"https:\/\/student.mads.org\/journal\/wp-json\/wp\/v2\/posts\/11733","targetHints":{"allow":["GET"]}}],"collection":[{"href":"https:\/\/student.mads.org\/journal\/wp-json\/wp\/v2\/posts"}],"about":[{"href":"https:\/\/student.mads.org\/journal\/wp-json\/wp\/v2\/types\/post"}],"author":[{"embeddable":true,"href":"https:\/\/student.mads.org\/journal\/wp-json\/wp\/v2\/users\/1"}],"replies":[{"embeddable":true,"href":"https:\/\/student.mads.org\/journal\/wp-json\/wp\/v2\/comments?post=11733"}],"version-history":[{"count":0,"href":"https:\/\/student.mads.org\/journal\/wp-json\/wp\/v2\/posts\/11733\/revisions"}],"wp:attachment":[{"href":"https:\/\/student.mads.org\/journal\/wp-json\/wp\/v2\/media?parent=11733"}],"wp:term":[{"taxonomy":"category","embeddable":true,"href":"https:\/\/student.mads.org\/journal\/wp-json\/wp\/v2\/categories?post=11733"},{"taxonomy":"post_tag","embeddable":true,"href":"https:\/\/student.mads.org\/journal\/wp-json\/wp\/v2\/tags?post=11733"}],"curies":[{"name":"wp","href":"https:\/\/api.w.org\/{rel}","templated":true}]}}