{"id":11748,"date":"2022-11-14T00:07:22","date_gmt":"2022-11-14T00:07:22","guid":{"rendered":"https:\/\/student.mads.org\/journal\/?p=11748"},"modified":"2022-11-14T00:07:22","modified_gmt":"2022-11-14T00:07:22","slug":"assise-rencontre-des-religions","status":"publish","type":"post","link":"https:\/\/student.mads.org\/journal\/assise-rencontre-des-religions\/","title":{"rendered":"Assise rencontre des religions"},"content":{"rendered":"<p>Mar 25, 2015 Lesprit dAssise caract\u00e9rise la relation positive des religions entre elles. Il a son fondement dans les trois rencontres qui eurent lieu Nov 3, 2011 La Rencontre dAssise 2011 a montr\u00e9 notre voeu profond de contribuer au. Des religions du monde \u00e0 Assise pour une pri\u00e8re pour la paix <img decoding=\"async\" src=\"https:\/\/relations-catholiques-musulmans.cef.fr\/wp-content\/uploads\/sites\/17\/2019\/09\/Site.jpg\" alt=\"assise rencontre des religions\" align=\"left\"> Sep 22, 2016 Pour bien comprendre le sens de la rencontre \u0153cum\u00e9nique et. Une vision pluraliste des religions selon laquelle elles se valent toutes <img decoding=\"async\" src=\"http:\/\/ekladata.com\/_7avL6_9nKC2xPiKBhzjLU8MM0I.jpg\" alt=\"assise rencontre des religions\" align=\"right\"> Le 27 octobre 2011, le Pape Benoit XVI avec 300 repr\u00e9sentants de traditions religieuses du monde entier et de non-croyants se sont faits p\u00e8lerins de la v\u00e9rit\u00e9 Quand fran\u00e7ois dassise rencontre hegel par Guy Caun\u00e8gre aux \u00e9ditions Golias. Le Capitalisme et ses agents se veulent iconoclastes et br\u00fblent les grands Oct 4, 2019 La photo de Jean-Paul II \u00e0 Assise lors de la rencontre avec les religions en 1986 a \u00e9t\u00e9 une image du si\u00e8cle. C\u00e9tait comme une vision Si Assise fut une rencontre des religions du monde, elle fut tourn\u00e9e d\u00e8s le point de d\u00e9part vers la vie du monde et vers la paix Sep 2, 2019 Ce temps sera compl\u00e9t\u00e9 par la pr\u00e9sentation de quelques actions de lassociation rennaise Amiti\u00e9 Entre les Religions ainsi que par deux s\u00e9quences Au cours des Rencontres annuelles de paix, des membres des religions les plus diverses ou de la non-croyance se r\u00e9unissent pour entamer un dialogue en profondeur, sans confondre leur identit\u00e9 particuli\u00e8re, mais rassembl\u00e9s par un d\u00e9sir de paix enracin\u00e9 dans chacune des traditions respectives Sep 11, 2006 Je reviens de la rencontre de pri\u00e8re des religions pour la paix, organis\u00e9e chaque ann\u00e9e par la Communaut\u00e9 S. Egidio, suite \u00e0 la rencontre d Faut-il donc sattendre \u00e0 des points daccroche entre les dignitaires religieux pr\u00e9sents. En quoi cette By P Fontanieu 1997 II est significatif de voir appara\u00eetre, dans lunivers religieux-et pas seulement. Justifie paradoxalement la n\u00e9cessit\u00e9 de rencontre de ces religions Nov 8, 2004 En octobre 1986, la premi\u00e8re rencontre dAssise r\u00e9unissait, autour du pape Jean Paul II, les chefs de Jul 13, 2011 La rencontre interreligieuse dAssise pour la paix dans le monde ne vise. Qui porte \u00e0 consid\u00e9rer que toutes les religions se valent Sep 29, 2016 Religions et cultures en dialogue 30 ans apr\u00e8s la premi\u00e8re rencontre interreligieuse voulue par Jean-Paul II, \u00e0 Assise, le 27 octobre Oct 27, 1986 \u00c0 Assise, sur les traces de saint Fran\u00e7ois, pour la premi\u00e8re fois dans. Dialogue, Dieu, Christ, Oecum\u00e9nisme, Religions, Rencontre Jul 31, 2021 Une tr\u00e8s belle \u00e9tape dans la vie du dioc\u00e8se, premi\u00e8re rencontre de. Un peu partout depuis la premi\u00e8re rencontre entre religions \u00e0 Assise Jan 29, 2021 Des centaines de religieux et de d\u00e9l\u00e9gu\u00e9s du monde entier r\u00e9pondent. De relancer la symbolique des Rencontres inter-religieuses dAssise Oct 28, 2011 Le pape a rencontr\u00e9 les diff\u00e9rents chefs religieux \u00e0 Assise, le 27 octobre dernier. Voici le message quil a prononc\u00e9 L\u00c9V\u00c9NEMENT QUE FUT LA RENCONTRE DASSISE Sep 20, 2016 Le pape Fran\u00e7ois a rencontr\u00e9 de nombreux dignitaires religieux venus du monde entier, ce mardi 20 septembre \u00e0 Assise, en Italie. REUTERS Oct 27, 1986 Nous nous souvenons des repr\u00e9sentants de toutes les religions r\u00e9unis dans une \u00e9glise catholique, l\u00e9glise Sainte Marie des Anges A notamment publi\u00e9: Neurosciences et psychanalyse: une rencontre autour de la singularit\u00e9 avec Pierre Magistretti, Odile Jacob, Coll\u00e8ge de France <img decoding=\"async\" src=\"http:\/\/ekladata.com\/RhlKEG81m9HaeQoFO-_wWQENzmY.jpg\" alt=\"assise rencontre des religions\" align=\"center\"> Dec 8, 2021 De quoi donner une assise forte au projet du P\u00e8re Rahoens. Bref un m\u00e9lange bigarr\u00e9 de personnes dethnies et de religions diff\u00e9rentes Oct 31, 2016 Le 27 octobre 1986, le pape Jean-Paul II invita \u00e0 Assise les repr\u00e9sentants des grandes religions \u00e0 prier pour la paix, dans un contexte de.<\/p>\n","protected":false},"excerpt":{"rendered":"<p>Mar 25, 2015 Lesprit dAssise caract\u00e9rise la relation positive des religions entre elles. Il a son fondement dans les trois rencontres qui eurent lieu Nov 3, 2011 La Rencontre dAssise 2011 a montr\u00e9 notre voeu profond de contribuer au. Des religions du monde \u00e0 Assise pour une pri\u00e8re pour la paix Sep 22, 2016 Pour [&hellip;]<\/p>\n","protected":false},"author":1,"featured_media":0,"comment_status":"closed","ping_status":"closed","sticky":false,"template":"","format":"standard","meta":{"footnotes":""},"categories":[],"tags":[],"class_list":["post-11748","post","type-post","status-publish","format-standard","hentry"],"_links":{"self":[{"href":"https:\/\/student.mads.org\/journal\/wp-json\/wp\/v2\/posts\/11748","targetHints":{"allow":["GET"]}}],"collection":[{"href":"https:\/\/student.mads.org\/journal\/wp-json\/wp\/v2\/posts"}],"about":[{"href":"https:\/\/student.mads.org\/journal\/wp-json\/wp\/v2\/types\/post"}],"author":[{"embeddable":true,"href":"https:\/\/student.mads.org\/journal\/wp-json\/wp\/v2\/users\/1"}],"replies":[{"embeddable":true,"href":"https:\/\/student.mads.org\/journal\/wp-json\/wp\/v2\/comments?post=11748"}],"version-history":[{"count":0,"href":"https:\/\/student.mads.org\/journal\/wp-json\/wp\/v2\/posts\/11748\/revisions"}],"wp:attachment":[{"href":"https:\/\/student.mads.org\/journal\/wp-json\/wp\/v2\/media?parent=11748"}],"wp:term":[{"taxonomy":"category","embeddable":true,"href":"https:\/\/student.mads.org\/journal\/wp-json\/wp\/v2\/categories?post=11748"},{"taxonomy":"post_tag","embeddable":true,"href":"https:\/\/student.mads.org\/journal\/wp-json\/wp\/v2\/tags?post=11748"}],"curies":[{"name":"wp","href":"https:\/\/api.w.org\/{rel}","templated":true}]}}