{"id":11776,"date":"2022-11-14T00:08:37","date_gmt":"2022-11-14T00:08:37","guid":{"rendered":"https:\/\/student.mads.org\/journal\/?p=11776"},"modified":"2022-11-14T00:08:37","modified_gmt":"2022-11-14T00:08:37","slug":"rencontres-de-la-jeune-photographie-internationale-de-niort","status":"publish","type":"post","link":"https:\/\/student.mads.org\/journal\/rencontres-de-la-jeune-photographie-internationale-de-niort\/","title":{"rendered":"Rencontres de la jeune photographie internationale de niort"},"content":{"rendered":"<p>RENCONTRES DE LA JEUNE PHOTOGRAPHIE INTERNATIONALE, Niort. Les expositions pr\u00e9sentent une large s\u00e9lection des photographies r\u00e9alis\u00e9es depuis Apr 13, 2018 Expositions photo les Rencontres de la jeune photographie internationale RJPI \u00e0 Niort. Jusquau 26 mai 2018 LES RENCONTRES DE LA JEUNE PHOTOGRAPHIE INTERNATIONALE RJPI patrimonial situ\u00e9 en centre ville de Niort et d\u00e9di\u00e9 par la Ville aux dartistes May 12, 2016 Niort accueille en ce printemps 2016, ses 22\u00e8mes Rencontres de la jeune photographie internationale, jusquau 28 mai. Olivier Culmann <img decoding=\"async\" src=\"https:\/\/video-images.vice.com\/_uncategorized\/1525077747223-Laurabonnefous.png\" alt=\"rencontres de la jeune photographie internationale de niort\" align=\"left\"> Les employeurs territoriaux recrutent. Le portail de lemploi des Centres de Gestion de la Fonction Publique Territoriale et du CNFPT Apr 8, 2016 La 22\u00e8me \u00e9dition des rencontres de la jeune photographie internationale a d\u00e9marr\u00e9 \u00e0 Niort. Au programme: des artistes, des clich\u00e9s Apr 8, 2021 2021-04-08 Niort Rencontres de la jeune photographie internationale, Deux-S\u00e8vres Niort jeudi 8 avril 2021 Appel \u00e0 candidatures 2022La r\u00e9sidence des Rencontres de la jeune photographie internationale se d\u00e9roule \u00e0 Niort-France en r\u00e9gion Nouvelle-Aquitaine Feb 1, 2017 Coralie Sala\u00fcn est une jeune photographe rennaise pas tout \u00e0 fait inconnue des Niortais. Venue pour la premi\u00e8re fois \u00e0 Niort lors des Rencontres Jul 7, 2014. DArt Contemporain Photographique de Niort f\u00eate cette ann\u00e9e la vingti\u00e8me \u00e9dition des Rencontres de la jeune photographie internationale Apr 16, 2019 Des liens tr\u00e8s forts se sont cr\u00e9\u00e9s entre les Rencontres de la jeune photographie internationale et ses r\u00e9sidents, venus f\u00eater les 25 ans de Aug 31, 2021 Afpa Centre de formations professionnelles qualifiantes pour adultes, perfectionnement, reconversion professionnelle, remise \u00e0 niveau, VAE May 19, 2015 NIORT-Comme chaque ann\u00e9e depuis vingt et un ans, les Rencontres de la jeune photographie internationale ouvrent la saison des festivals Retrouvez lactualit\u00e9 du Sud Ouest en direct et toutes les informations r\u00e9gionales: politique, \u00e9conomie, sport, photos et vid\u00e9os <img decoding=\"async\" src=\"https:\/\/www.relations-media.com\/wp-content\/uploads\/2019\/01\/Francesco-Morandin-sans-titre-1997.jpg\" alt=\"rencontres de la jeune photographie internationale de niort\" align=\"left\"> Apr 14, 2018 rencontres de la jeune photographie internationale de Niort. Par Odile Morain Le 14042018. Cest un nom qui compte dans lunivers de la <img decoding=\"async\" src=\"https:\/\/i.pinimg.com\/originals\/f5\/d0\/11\/f5d011a4585a0c25ef0472f07bd6f835.jpg\" alt=\"rencontres de la jeune photographie internationale de niort\" align=\"left\"> R\u00e9sidence 2018-Niort 79000 Rencontres de la jeune photographie internationale un film d\u00c9manuel B\u00e9ranger et Thomas Dubois Les Rencontres de la jeune Mar 14, 2018 Les anciens r\u00e9sidents de Niort et leurs publications chez Filigranes \u00c9ditions. Invit\u00e9e dhonneur Corinne Mercadier Retrouvez toute lactualit\u00e9 de lAssembl\u00e9e permanente des chambres de m\u00e9tiers et de lartisanat Apr 12, 2021 Apr\u00e8s une ann\u00e9e 2020 mouvement\u00e9e, tout \u00e9tait pr\u00eat \u00e0 Niort pour le bon d\u00e9roulement des Rencontres de la jeune photo internationale 2021 Jul 2, 2009 16e Rencontres de la jeune photographie internationale Niort. Le Moulin du Roc m. Arno Rafa\u00ebl Minkkinen, Self-Portrait with Maija Cest devenu d\u00e9sormais un rendez-vous annuel attendu Les rencontres de la jeune photographie Niort Rencontres de la jeune photographie internationale du 7 mars au 26 mai. Le geste photographique est devenu aussi banal que de se gratter Apr 23, 2018 LauraBonnefous Niort 2018 Didier Goudal Pendant ses \u00e9tudes \u00e0. Des Rencontres de la jeune photographie internationale de Niort 2018.<\/p>\n","protected":false},"excerpt":{"rendered":"<p>RENCONTRES DE LA JEUNE PHOTOGRAPHIE INTERNATIONALE, Niort. Les expositions pr\u00e9sentent une large s\u00e9lection des photographies r\u00e9alis\u00e9es depuis Apr 13, 2018 Expositions photo les Rencontres de la jeune photographie internationale RJPI \u00e0 Niort. Jusquau 26 mai 2018 LES RENCONTRES DE LA JEUNE PHOTOGRAPHIE INTERNATIONALE RJPI patrimonial situ\u00e9 en centre ville de Niort et d\u00e9di\u00e9 par la [&hellip;]<\/p>\n","protected":false},"author":1,"featured_media":0,"comment_status":"closed","ping_status":"closed","sticky":false,"template":"","format":"standard","meta":{"footnotes":""},"categories":[],"tags":[],"class_list":["post-11776","post","type-post","status-publish","format-standard","hentry"],"_links":{"self":[{"href":"https:\/\/student.mads.org\/journal\/wp-json\/wp\/v2\/posts\/11776","targetHints":{"allow":["GET"]}}],"collection":[{"href":"https:\/\/student.mads.org\/journal\/wp-json\/wp\/v2\/posts"}],"about":[{"href":"https:\/\/student.mads.org\/journal\/wp-json\/wp\/v2\/types\/post"}],"author":[{"embeddable":true,"href":"https:\/\/student.mads.org\/journal\/wp-json\/wp\/v2\/users\/1"}],"replies":[{"embeddable":true,"href":"https:\/\/student.mads.org\/journal\/wp-json\/wp\/v2\/comments?post=11776"}],"version-history":[{"count":0,"href":"https:\/\/student.mads.org\/journal\/wp-json\/wp\/v2\/posts\/11776\/revisions"}],"wp:attachment":[{"href":"https:\/\/student.mads.org\/journal\/wp-json\/wp\/v2\/media?parent=11776"}],"wp:term":[{"taxonomy":"category","embeddable":true,"href":"https:\/\/student.mads.org\/journal\/wp-json\/wp\/v2\/categories?post=11776"},{"taxonomy":"post_tag","embeddable":true,"href":"https:\/\/student.mads.org\/journal\/wp-json\/wp\/v2\/tags?post=11776"}],"curies":[{"name":"wp","href":"https:\/\/api.w.org\/{rel}","templated":true}]}}