{"id":11806,"date":"2022-11-14T00:11:03","date_gmt":"2022-11-14T00:11:03","guid":{"rendered":"https:\/\/student.mads.org\/journal\/?p=11806"},"modified":"2022-11-14T00:11:03","modified_gmt":"2022-11-14T00:11:03","slug":"kad-merad-rencontre","status":"publish","type":"post","link":"https:\/\/student.mads.org\/journal\/kad-merad-rencontre\/","title":{"rendered":"Kad merad rencontre"},"content":{"rendered":"<p><img decoding=\"async\" src=\"https:\/\/static1.purebreak.com\/articles\/0\/20\/29\/0\/@\/33161-legrandjournal-kad-merad-2-diapo-1.jpg\" alt=\"kad merad rencontre\" align=\"left\"> Jun 15, 2020 Une rencontre sur un plateau de t\u00e9l\u00e9. Cest en f\u00e9vrier 2014, sur un plateau de t\u00e9l\u00e9vision, que le chemin de Kad Merad croise celui de Julia Feb 16, 2019 Kad Merad \u00e9tait linvit\u00e9 de On refait la t\u00e9l\u00e9 samedi 16 f\u00e9vrier sur RTL. Lacteur sest montr\u00e9 tr\u00e8s g\u00ean\u00e9 au moment d\u00e9voquer sa rencontre Oct 21, 2021 Kad Merad, ses talents de chanteur. Julia Vignali et Kad Merad: leur rencontre. Aujourdhui aux commandes de T\u00e9l\u00e9 Matin avec Thomas S01E27-KAD MERAD, DIANE KRUGER NICOLAS DUVAUCHELLE et 8 novembre 2017. S01E178 Jul 31, 2021 Le Gendre de Ma Vie: rencontre avec Kad Merad et Julie Gayet Nicolas Bellet. A loccasion de la sortie du film Le Gendre de ma vie Le 20 juin 2018, il obtient un r\u00f4le dans le film Le Doudou, aux c\u00f4t\u00e9s de Kad Merad et Malik Bentalha. Le 8 ao\u00fbt 2018, il est \u00e0 laffiche du film Neuilly sa Rencontre A loccasion de la sortie du film Un triomphe, Kad Merad nous a fait lhonneur de venir Voici-Sept ans apr\u00e8s leur rencontre, Kad Merad et Julia Vignali sont toujours ins\u00e9parables. Pourtant, depuis 2014, leur vie a bien chang\u00e9 <img decoding=\"async\" src=\"https:\/\/static1.purepeople.com\/articles\/8\/14\/54\/68\/@\/1553651-kad-et-olivier-kad-merad-et-olivier-624x600-1.jpg\" alt=\"kad merad rencontre\" align=\"right\"> Oct 18, 2021 En couple depuis sept ans avec lacteur Kad Merad, Julia Vignali est revenue sur leur rencontre sur un plateau t\u00e9l\u00e9 en 2014 Jan 31, 2021 Deux ans apr\u00e8s leur rencontre, Kad Merad et Julia Vignali officialisent leur histoire damour en apparaissant ensemble sur le tapis rouge de Nov 2, 2021 Ensemble depuis huit ans suite \u00e0 leur rencontre sur le plateau de C \u00e0 Vous sur France 5, Julia Vignali et Kad Merad auraient leur quotidien 12 hours ago Ligne directe avec KAD MERAD: avoir une double origine cest une force.. Violences polici\u00e8res: rencontre avec David Dufresne UN TRIOMPHEest r\u00e9alis\u00e9 par Emmanuel Courcol, avec Kad Merad, David Ayala, \u00c0 chaque \u00e9pisode, nous vous proposons une rencontre entre une actrice ou un Kad Merad a fait ses d\u00e9buts au c\u00f4t\u00e9 dOlivier Baroux, avec le duo culte Kad et O, avant dentamer une carri\u00e8re en solo fructueuse. Acteur bankable, il a connu Feb 5, 2018 Cela fera deux ans en f\u00e9vrier que Kad Merad et Julia Vignali ont officialis\u00e9. Non Stop People vous propose de revenir sur leur rencontre <img decoding=\"async\" src=\"https:\/\/fr.web.img3.acsta.net\/newsv7\/16\/02\/03\/09\/46\/257083.jpg\" alt=\"kad merad rencontre\" align=\"right\"> Dimanche 17 octobre 2021, Julia Vignali a racont\u00e9, sur le plateau de Vivement dimanche, sa toute premi\u00e8re rencontre avec Kad Merad.<\/p>\n","protected":false},"excerpt":{"rendered":"<p>Jun 15, 2020 Une rencontre sur un plateau de t\u00e9l\u00e9. Cest en f\u00e9vrier 2014, sur un plateau de t\u00e9l\u00e9vision, que le chemin de Kad Merad croise celui de Julia Feb 16, 2019 Kad Merad \u00e9tait linvit\u00e9 de On refait la t\u00e9l\u00e9 samedi 16 f\u00e9vrier sur RTL. Lacteur sest montr\u00e9 tr\u00e8s g\u00ean\u00e9 au moment d\u00e9voquer sa [&hellip;]<\/p>\n","protected":false},"author":1,"featured_media":0,"comment_status":"closed","ping_status":"closed","sticky":false,"template":"","format":"standard","meta":{"footnotes":""},"categories":[],"tags":[],"class_list":["post-11806","post","type-post","status-publish","format-standard","hentry"],"_links":{"self":[{"href":"https:\/\/student.mads.org\/journal\/wp-json\/wp\/v2\/posts\/11806","targetHints":{"allow":["GET"]}}],"collection":[{"href":"https:\/\/student.mads.org\/journal\/wp-json\/wp\/v2\/posts"}],"about":[{"href":"https:\/\/student.mads.org\/journal\/wp-json\/wp\/v2\/types\/post"}],"author":[{"embeddable":true,"href":"https:\/\/student.mads.org\/journal\/wp-json\/wp\/v2\/users\/1"}],"replies":[{"embeddable":true,"href":"https:\/\/student.mads.org\/journal\/wp-json\/wp\/v2\/comments?post=11806"}],"version-history":[{"count":0,"href":"https:\/\/student.mads.org\/journal\/wp-json\/wp\/v2\/posts\/11806\/revisions"}],"wp:attachment":[{"href":"https:\/\/student.mads.org\/journal\/wp-json\/wp\/v2\/media?parent=11806"}],"wp:term":[{"taxonomy":"category","embeddable":true,"href":"https:\/\/student.mads.org\/journal\/wp-json\/wp\/v2\/categories?post=11806"},{"taxonomy":"post_tag","embeddable":true,"href":"https:\/\/student.mads.org\/journal\/wp-json\/wp\/v2\/tags?post=11806"}],"curies":[{"name":"wp","href":"https:\/\/api.w.org\/{rel}","templated":true}]}}