{"id":12072,"date":"2022-11-14T00:29:01","date_gmt":"2022-11-14T00:29:01","guid":{"rendered":"https:\/\/student.mads.org\/journal\/?p=12072"},"modified":"2022-11-14T00:29:01","modified_gmt":"2022-11-14T00:29:01","slug":"festival-rencontres-villette","status":"publish","type":"post","link":"https:\/\/student.mads.org\/journal\/festival-rencontres-villette\/","title":{"rendered":"Festival rencontres villette"},"content":{"rendered":"<p><img decoding=\"async\" src=\"https:\/\/cdn.radiofrance.fr\/s3\/cruiser-production\/2021\/05\/3de49c6f-c423-4236-bca4-114039226d39\/1136_1000x561-statique.jpg\" alt=\"festival rencontres villette\" align=\"center\"> Aug 20, 2021 18\u00e8mes rencontres de Charlieu. S\u00e9lection officielle Festival de La Rochelle 2021. Nicolas Villette-n Villetteadrc-asso. Org <img decoding=\"async\" src=\"https:\/\/static1.lavillette.com\/manifestation_main\/4\/60\/4\/@\/18493226-0-18493226-pitchfork3-cre-dit-vincent-arbelet-cmjn-opengraph_1200-1.jpg\" alt=\"festival rencontres villette\" align=\"center\"> May 17, 2018 Rencontre. Ideal Trouble sest mont\u00e9 dans lurgence, \u00e0 la suite de ton d\u00e9part du festival Villette Sonique. Il \u00e9tait vital pour toi de A dimanche, au festival Mot pour mots, \u00e0 La Villette. Quel plaisir de se rencontrer \u00e0. Tags: d\u00e9dicacelangue fran\u00e7aiselivrerencontresvie parisienne Lacte I de ces rencontres a eu lieu le dimanche 10 f\u00e9vrier \u00e0 16h \u00e0 la Cartoucherie. De lettres en coll\u00e8ge et professeure relais au Parc de la Villette Sep 14, 2018 La 30e \u00e9dition du festival Visa pour limage sest tenue la semaine derni\u00e8re \u00e0 Perpignan. Pour ceux qui nont pas eu la chance de se rendre Jul 22, 2020 Du 23 juillet au 22 ao\u00fbt, le festival du cin\u00e9ma \u00e0 lair libre revient se poser \u00e0 la Villette avec une programmation hallucinante Aug 27, 2010 Le th\u00e9\u00e2tre et la danse, lors des Rencontres de la Villette, Le festival Villette Sonique, quant \u00e0 lui, a mis en exergue la fusion des Sep 25, 2021 Paris Paradis, festival organis\u00e9 par Le Parisien, cest 3 jours de. Des activit\u00e9s familiales, de rencontres inspirantes, dactivit\u00e9s en Dec 7, 2008 Les 17e Rencontres Internationales ParisBerlinMadrid cr\u00e9eront \u00e0 nouveau. Au Paris-Villette, \u00e0 la Maison Europ\u00e9enne de la Photographie RDV aux Jardins Passagers du Parc de la Villette. Les recettes de latelier permettront de financer le festival. Merci beaucoup pour votre soutien Enfin la 14e \u00e9dition. Un festival unique en Europe, un panorama de la cr\u00e9ation jongl\u00e9e en espace public et en salle. Tour \u00e0 tour report\u00e9 adapt\u00e9 en parcours Apr 9, 2021 Rencontre de Gutenberg et du num\u00e9rique. Pilot\u00e9 par Louis Dreyfus, projette de b\u00e2tir un salon litt\u00e9raire, \u00e0 La Villette Diffusion: lassociation produit des festivals Festival International du Court M\u00e9trage, F\u00eate de lanim, assure la programmation annuelle dune salle de Oct 10, 1998 Deuxi\u00e8me \u00e9dition du festival parisien qui propose, un mois durant, un aper\u00e7u de la cr\u00e9ation artistique. Artistes des villes \u00e0 la Villette Jun 19, 2018. Du num\u00e9rique interview\u00e9s sur Radio Ground Control, et des moments de rencontres apr\u00e8s la fermeture des portes du festival \u00e0 la Villette Consultez les horaires des s\u00e9ances des films \u00e0 laffiche et Commandez vos E-billets. Regardez les derni\u00e8res bandes-annonces et suivez lactu cin\u00e9ma <img decoding=\"async\" src=\"https:\/\/www.rencontres-audiovisuelles.org\/wp-content\/uploads\/2020\/06\/festival_international_court_metrage_diffusion.jpg\" alt=\"festival rencontres villette\" align=\"left\"> Les Rencontres de la photographie dArles sont, chaque \u00e9t\u00e9 depuis 1970, le premier festival de photographie de renomm\u00e9e internationale Jun 6, 2021 Salle Boris Vian Rencontre avec Emmanuel Guibert. Little Villette Rencontre avec Nicolas Mathieu. Grande Halle Aim\u00e9 Charles-Nicolas Festival d\u00e9di\u00e9 \u00e0 la jeune photographie europ\u00e9enne au CENTQUATRE-PARIS. 2 mois pour r\u00e9v\u00e9ler au public la vitalit\u00e9 de la jeune cr\u00e9ation aux travers Sep 1, 2021 Du 1er au 12 septembre, le festival de lEst de Paris accueille des artistes phares de la sc\u00e8ne jazz parmi lesquels la chanteuse C\u00e9cile Jun 3, 2021 Le Monde, LObs, T\u00e9l\u00e9rama et France Inter cr\u00e9ent un festival litt\u00e9raire, Mot pour Mots, les 5 et 6 juin, \u00e0 La Villette, \u00e0 Paris.<\/p>\n","protected":false},"excerpt":{"rendered":"<p>Aug 20, 2021 18\u00e8mes rencontres de Charlieu. S\u00e9lection officielle Festival de La Rochelle 2021. Nicolas Villette-n Villetteadrc-asso. Org May 17, 2018 Rencontre. Ideal Trouble sest mont\u00e9 dans lurgence, \u00e0 la suite de ton d\u00e9part du festival Villette Sonique. Il \u00e9tait vital pour toi de A dimanche, au festival Mot pour mots, \u00e0 La Villette. Quel [&hellip;]<\/p>\n","protected":false},"author":1,"featured_media":0,"comment_status":"closed","ping_status":"closed","sticky":false,"template":"","format":"standard","meta":{"footnotes":""},"categories":[],"tags":[],"class_list":["post-12072","post","type-post","status-publish","format-standard","hentry"],"_links":{"self":[{"href":"https:\/\/student.mads.org\/journal\/wp-json\/wp\/v2\/posts\/12072","targetHints":{"allow":["GET"]}}],"collection":[{"href":"https:\/\/student.mads.org\/journal\/wp-json\/wp\/v2\/posts"}],"about":[{"href":"https:\/\/student.mads.org\/journal\/wp-json\/wp\/v2\/types\/post"}],"author":[{"embeddable":true,"href":"https:\/\/student.mads.org\/journal\/wp-json\/wp\/v2\/users\/1"}],"replies":[{"embeddable":true,"href":"https:\/\/student.mads.org\/journal\/wp-json\/wp\/v2\/comments?post=12072"}],"version-history":[{"count":0,"href":"https:\/\/student.mads.org\/journal\/wp-json\/wp\/v2\/posts\/12072\/revisions"}],"wp:attachment":[{"href":"https:\/\/student.mads.org\/journal\/wp-json\/wp\/v2\/media?parent=12072"}],"wp:term":[{"taxonomy":"category","embeddable":true,"href":"https:\/\/student.mads.org\/journal\/wp-json\/wp\/v2\/categories?post=12072"},{"taxonomy":"post_tag","embeddable":true,"href":"https:\/\/student.mads.org\/journal\/wp-json\/wp\/v2\/tags?post=12072"}],"curies":[{"name":"wp","href":"https:\/\/api.w.org\/{rel}","templated":true}]}}