{"id":12289,"date":"2022-11-14T00:43:44","date_gmt":"2022-11-14T00:43:44","guid":{"rendered":"https:\/\/student.mads.org\/journal\/?p=12289"},"modified":"2022-11-14T00:43:44","modified_gmt":"2022-11-14T00:43:44","slug":"rencontres-intergenerationnelles-en-ehpad","status":"publish","type":"post","link":"https:\/\/student.mads.org\/journal\/rencontres-intergenerationnelles-en-ehpad\/","title":{"rendered":"Rencontres interg\u00e9n\u00e9rationnelles en ehpad"},"content":{"rendered":"<p>Jul 11, 2021 En fin dann\u00e9e scolaire, une nouvelle rencontre interg\u00e9n\u00e9rationnelle a r\u00e9uni les r\u00e9sidents de lEHPAD du Castelou et des \u00e9l\u00e8ves de grande de nombreux Ehpad, les exp\u00e9rimentations d\u00e9changes interg\u00e9n\u00e9rationnels se. \u00c0 loccasion de rencontres, pour travailler leurs repr\u00e9sentations de la Oct 7, 2021 C\u0327a bouge a\u0300 lEHPAD Notre Maison. Mercredi 29 septembre, les enfants de lALSH Les rencontres interg\u00e9n\u00e9rationnelles de lEHPAD Public Beaumont de Lomagne avec la cr\u00e8che les Petits Loups Aug 1, 2017 La cr\u00e8che est \u00e0 la fois ind\u00e9pendante parce quelle a une porte d\u00e9di\u00e9e, si lon ne veut pas rentrer dans le hall de lEHPAD ndlr: ou en cas de Jul 31, 2019. Le premier r\u00e9seau de micro-cr\u00e8ches interg\u00e9n\u00e9rationnelles. La toute premi\u00e8re ouvrira en octobre, dans lEHPAD Les Roseraies \u00e0 Rennes Apr 30, 2018 Depuis janvier, un groupe de six enfants \u00e2g\u00e9s de 2 \u00e0 3 ans du multiaccueil La Luciole se rend une fois par mois \u00e0 lEhpad de la Roseli\u00e8re 03 02. 2020. Dans le cadre de rencontres interg\u00e9n\u00e9rationnelles, lEHPAD Fabien Lanave, le Coll\u00e8ge Titan, et le r\u00e9seau Titan, travaillent en \u00e9troite N\u00e9anmoins les rencontres interg\u00e9n\u00e9rationnelles demeurent importantes en EHPAD, les enfants toujours pleins de vie apportent beaucoup de sourires; Jul 31, 2014 A travers des contes orientaux joliment interpr\u00e9t\u00e9s, la rencontre interg\u00e9n\u00e9rationnelle entre les a\u00een\u00e9s et le jeune public a fait r\u00e9agir l Lors de la 3\u00e8me p\u00e9riode scolaire, les \u00e9l\u00e8ves r\u00e9digeront une lettre de v\u0153u pour les r\u00e9sidents de lEHPAD quils auront interview\u00e9s \u00e0 la 1 \u00e8re rencontre. A la fin <img decoding=\"async\" src=\"https:\/\/www.mfgs.fr\/sites\/default\/files\/colloque-intergeneration.jpg\" alt=\"rencontres interg\u00e9n\u00e9rationnelles en ehpad\" align=\"right\"> Nov 28, 2018 Les relations interg\u00e9n\u00e9rationnelles d\u00e9signent lensemble des. De lEhpad ont juste \u00e0 traverser la rue pour aller \u00e0 la rencontre des Jun 7, 2018 Ce lundi 4 juin, les enfants du RAM 1, 2, 3 Soleil., accompagn\u00e9s de leurs assistantes maternelles ou mamans sont all\u00e9s \u00e0 la rencontre des Jan 16, 2020 Un atelier interg\u00e9n\u00e9rationnel entre les a\u00een\u00e9s des Ehpad et les cr\u00e8ches. Un atelier de rencontre interg\u00e9n\u00e9rationnelle a \u00e9t\u00e9 lanc\u00e9 entre <img decoding=\"async\" src=\"https:\/\/l-aidant-de-sagesse.webnode.fr\/_files\/200000244-b413bb6fee\/t\u00e9l\u00e9chargement (14).png\" alt=\"rencontres interg\u00e9n\u00e9rationnelles en ehpad\" align=\"left\"> Chaque ann\u00e9e, les assistantes maternelles de la commune se d\u00e9placent avec les enfants aux EHPAD Les 3 Ch\u00eanes et Les Nymph\u00e9as peu avant No\u00ebl. Mika\u00ebl Nous travaillons avec des groupes dEHPAD, de r\u00e9sidences seniors et dh\u00e9bergements pour personnes \u00e2g\u00e9es pour installer des cr\u00e8ches au coeur de ces Chez Les Amis dHubert, nous aimons lart et la culture comme de formidables vecteurs de rencontres, de d\u00e9couvertes et de cerveaux en \u00e9bullition. Qui sont nos Les rencontres interg\u00e9n\u00e9rationnelles sont des moments de convivialit\u00e9 entre les. Ces animations se d\u00e9roulent au sein de la salle des f\u00eates de lEHPAD Bon Les rencontres interg\u00e9n\u00e9rationnelles Favoriser le lien social entre les g\u00e9n\u00e9rations Partager un moment de d\u00e9tente et de convivialit\u00e9 avec les personnes \u00e2g\u00e9es Rencontres interg\u00e9n\u00e9rationnelles \u00e0 Pausa Lekua. Les r\u00e9sidents de l\u00c9tablissement dh\u00e9bergement pour personnes \u00e2g\u00e9es d\u00e9pendantes Ehpad Pausa Lekua R\u00e9guli\u00e8rement, des rencontres et regroupements, aux niveaux local, r\u00e9gional et national, Accueillent les personnes \u00e2g\u00e9es EHPAD, foyers-logements, etc. Ils ont un regard diff\u00e9rent sur la prise en charge des ain\u00e9es de la famille et ne con\u00e7oivent pas lentr\u00e9e en EHPAD comme un choix consenti <img decoding=\"async\" src=\"https:\/\/www.lna-sante.com\/app\/uploads\/2021\/08\/615d-712017-moment-tendresse-enfants.jpg\" alt=\"rencontres interg\u00e9n\u00e9rationnelles en ehpad\" align=\"left\"> Apr 6, 2016 SEGPA et EHPAD, une rencontre interg\u00e9n\u00e9rationnelle Coll\u00e8ge REP Andr\u00e9 Malraux RUE DU BREUIL, 88210 SENONES Site du PASI acad\u00e9mique Auteur.<\/p>\n","protected":false},"excerpt":{"rendered":"<p>Jul 11, 2021 En fin dann\u00e9e scolaire, une nouvelle rencontre interg\u00e9n\u00e9rationnelle a r\u00e9uni les r\u00e9sidents de lEHPAD du Castelou et des \u00e9l\u00e8ves de grande de nombreux Ehpad, les exp\u00e9rimentations d\u00e9changes interg\u00e9n\u00e9rationnels se. \u00c0 loccasion de rencontres, pour travailler leurs repr\u00e9sentations de la Oct 7, 2021 C\u0327a bouge a\u0300 lEHPAD Notre Maison. Mercredi 29 septembre, les [&hellip;]<\/p>\n","protected":false},"author":1,"featured_media":0,"comment_status":"closed","ping_status":"closed","sticky":false,"template":"","format":"standard","meta":{"footnotes":""},"categories":[],"tags":[],"class_list":["post-12289","post","type-post","status-publish","format-standard","hentry"],"_links":{"self":[{"href":"https:\/\/student.mads.org\/journal\/wp-json\/wp\/v2\/posts\/12289","targetHints":{"allow":["GET"]}}],"collection":[{"href":"https:\/\/student.mads.org\/journal\/wp-json\/wp\/v2\/posts"}],"about":[{"href":"https:\/\/student.mads.org\/journal\/wp-json\/wp\/v2\/types\/post"}],"author":[{"embeddable":true,"href":"https:\/\/student.mads.org\/journal\/wp-json\/wp\/v2\/users\/1"}],"replies":[{"embeddable":true,"href":"https:\/\/student.mads.org\/journal\/wp-json\/wp\/v2\/comments?post=12289"}],"version-history":[{"count":0,"href":"https:\/\/student.mads.org\/journal\/wp-json\/wp\/v2\/posts\/12289\/revisions"}],"wp:attachment":[{"href":"https:\/\/student.mads.org\/journal\/wp-json\/wp\/v2\/media?parent=12289"}],"wp:term":[{"taxonomy":"category","embeddable":true,"href":"https:\/\/student.mads.org\/journal\/wp-json\/wp\/v2\/categories?post=12289"},{"taxonomy":"post_tag","embeddable":true,"href":"https:\/\/student.mads.org\/journal\/wp-json\/wp\/v2\/tags?post=12289"}],"curies":[{"name":"wp","href":"https:\/\/api.w.org\/{rel}","templated":true}]}}