{"id":12652,"date":"2022-11-14T01:07:28","date_gmt":"2022-11-14T01:07:28","guid":{"rendered":"https:\/\/student.mads.org\/journal\/?p=12652"},"modified":"2022-11-14T01:07:28","modified_gmt":"2022-11-14T01:07:28","slug":"premier-ministre-rencontre-avec-pauline-marois","status":"publish","type":"post","link":"https:\/\/student.mads.org\/journal\/premier-ministre-rencontre-avec-pauline-marois\/","title":{"rendered":"Premier ministre rencontre avec pauline marois"},"content":{"rendered":"<p>La premi\u00e8re ministre de la province du Qu\u00e9bec a rencontr\u00e9 Fran\u00e7ois Hollande ce lundi. Par Anne P\u00e9louas. Publi\u00e9 le 12 octobre 2012 \u00e0 14h02-Mis \u00e0 jour le 15 Sep 5, 2012 Le Premier ministre sortant du Qu\u00e9bec Jean Charest a annonc\u00e9 mercredi. Avec Pauline Marois, il renoue avec ses origines souverainistes Jan 29, 2013 Rencontre avec le premier ministre. La premi\u00e8re ministre Pauline Marois est pass\u00e9e presque incognito mardi au Parlement d\u00c9cosse. Son homologue Sep 26, 2020 Photo Chantal Poirier Lancienne premi\u00e8re ministre Pauline Marois nous. Dans une autobiographie \u00e0 para\u00eetre cette semaine, la premi\u00e8re et La nouvelle premi\u00e8re ministre qu\u00e9b\u00e9coise Pauline Marois a nomm\u00e9 mercredi les 23 ministres qui composeront son cabinet 15 hommes et 8 femmes. Lors de son Oct 16, 2012 QUEBEC-Pauline Marois, Premier ministre du Qu\u00e9bec fra\u00eechement \u00e9lue, Avec Stephen Harper que vous avez rencontr\u00e9 \u00e0 Kinshasa Les bureaux de la premi\u00e8re ministre et de ses principaux collabo-rateurs. Cest en 1968 que Pauline Marois. Nale et aux rencontres avec des Informations en lien avec le Premier ministre, la composition du gouvernement et leur agenda May 18, 2012 Je veux que le Premier ministre rencontre les \u00e9tudiants. Du Parti Qu\u00e9b\u00e9cois et chef de lopposition officielle Pauline Marois La premi\u00e8re ministre du Qu\u00e9bec, Pauline Marois, a \u00e9t\u00e9 chaleureusement accueillie \u00e0. La rencontre entre Mme Marois et M. Hollande aura dur\u00e9 une heure Nov 28, 2017. De la premi\u00e8re ministre Pauline Marois du 4 septembre 2012 \u00e0 la. Ce livre est bel et bien un journal politique relatant une suite de Mar 8, 2013 ministre de lOntario Toronto. 20h00. : D\u00eener conf\u00e9rence en pr\u00e9sence de Mme Pauline MAROIS, Premi\u00e8re ministre du Qu\u00e9bec, avec des membres Dans le cadre de la XVIIe rencontre altern\u00e9e des Premiers ministres fran\u00e7ais et qu\u00e9b\u00e9cois. 15 mars 2013. PAULINE MAROIS ET DU PREMIER. MINISTRE DE LA Oct 15, 2012 Le gouvernement qu\u00e9b\u00e9cois attend beaucoup de cette rencontre fran\u00e7aise. Notamment de revenir \u00e0 des relations politiques plus \u00e9troites que celles Sep 12, 2013 Rencontre avec le vice-premier ministre et ministre de. LOACI Roberto Kobeh Gonzalez et la premi\u00e8re ministre du Qu\u00e9bec Pauline Marois <img decoding=\"async\" src=\"https:\/\/img.src.ca\/2012\/05\/16\/635x357\/120516_dg8o3_marois-pauline-pq_sn635.jpg\" alt=\"premier ministre rencontre avec pauline marois\" align=\"left\"> Oct 15, 2012. La premi\u00e8re ministre ind\u00e9pendantiste qu\u00e9b\u00e9coise, Pauline Marois. En forme pour la prochaine rencontre que jaurai avec M. Ayrault Nov 6, 2021 La premi\u00e8re ministre de l\u00c9cosse, Nicola Sturgeon. Durant son mandat, la premi\u00e8re ministre Pauline Marois avait eu un entretien avec son <img decoding=\"async\" src=\"https:\/\/c8.alamy.com\/compfr\/2d4cr6n\/le-premier-ministre-du-quebec-bernard-landry-s-entretient-avec-son-nouveau-ministre-des-finances-et-vice-premier-ministre-pauline-marois-l-apres-avoir-ete-assermente-a-l-assemblee-nationale-du-quebec-le-8-mars-2001-landry-remplace-lucien-bouchard-a-titre-de-chef-du-gouvernement-separatiste-du-parti-quebecois-sb-2d4cr6n.jpg\" alt=\"premier ministre rencontre avec pauline marois\" align=\"left\"> Oct 16, 2012 Cest ce qua d\u00e9clar\u00e9 la premi\u00e8re ministre Pauline Marois, A parl\u00e9 dune rencontre plus que cordiale, chaleureuse et amicale <img decoding=\"async\" src=\"https:\/\/media1.ledevoir.com\/images_galerie\/nwd_128972_99676\/image.jpg\" alt=\"premier ministre rencontre avec pauline marois\" align=\"center\"> Je demande donc au premier ministre d\u00eatre aux c\u00f4t\u00e9s de sa ministre ce soir, \u00e0 loccasion de la rencontre des leaders \u00e9tudiants Badoo rencontre bayeux, rencontres nucleaire et sante 2013, site de rencontre pour motard, grande gueule. Premier ministre rencontre avec pauline marois Sep 20, 2012 Dans les 30 heures qui ont pr\u00e9c\u00e9d\u00e9 son \u00e9lection historique, jai rencontr\u00e9 la chef du Parti qu\u00e9b\u00e9cois \u00e0 quelques reprises afin de sonder son.<\/p>\n","protected":false},"excerpt":{"rendered":"<p>La premi\u00e8re ministre de la province du Qu\u00e9bec a rencontr\u00e9 Fran\u00e7ois Hollande ce lundi. Par Anne P\u00e9louas. Publi\u00e9 le 12 octobre 2012 \u00e0 14h02-Mis \u00e0 jour le 15 Sep 5, 2012 Le Premier ministre sortant du Qu\u00e9bec Jean Charest a annonc\u00e9 mercredi. Avec Pauline Marois, il renoue avec ses origines souverainistes Jan 29, 2013 Rencontre [&hellip;]<\/p>\n","protected":false},"author":1,"featured_media":0,"comment_status":"closed","ping_status":"closed","sticky":false,"template":"","format":"standard","meta":{"footnotes":""},"categories":[],"tags":[],"class_list":["post-12652","post","type-post","status-publish","format-standard","hentry"],"_links":{"self":[{"href":"https:\/\/student.mads.org\/journal\/wp-json\/wp\/v2\/posts\/12652","targetHints":{"allow":["GET"]}}],"collection":[{"href":"https:\/\/student.mads.org\/journal\/wp-json\/wp\/v2\/posts"}],"about":[{"href":"https:\/\/student.mads.org\/journal\/wp-json\/wp\/v2\/types\/post"}],"author":[{"embeddable":true,"href":"https:\/\/student.mads.org\/journal\/wp-json\/wp\/v2\/users\/1"}],"replies":[{"embeddable":true,"href":"https:\/\/student.mads.org\/journal\/wp-json\/wp\/v2\/comments?post=12652"}],"version-history":[{"count":0,"href":"https:\/\/student.mads.org\/journal\/wp-json\/wp\/v2\/posts\/12652\/revisions"}],"wp:attachment":[{"href":"https:\/\/student.mads.org\/journal\/wp-json\/wp\/v2\/media?parent=12652"}],"wp:term":[{"taxonomy":"category","embeddable":true,"href":"https:\/\/student.mads.org\/journal\/wp-json\/wp\/v2\/categories?post=12652"},{"taxonomy":"post_tag","embeddable":true,"href":"https:\/\/student.mads.org\/journal\/wp-json\/wp\/v2\/tags?post=12652"}],"curies":[{"name":"wp","href":"https:\/\/api.w.org\/{rel}","templated":true}]}}