{"id":12688,"date":"2022-11-14T01:09:57","date_gmt":"2022-11-14T01:09:57","guid":{"rendered":"https:\/\/student.mads.org\/journal\/?p=12688"},"modified":"2022-11-14T01:09:57","modified_gmt":"2022-11-14T01:09:57","slug":"rencontre-melenchon-hollande","status":"publish","type":"post","link":"https:\/\/student.mads.org\/journal\/rencontre-melenchon-hollande\/","title":{"rendered":"Rencontre melenchon hollande"},"content":{"rendered":"<p>Apr 4, 2014 Loccasion de rencontres cocasses comme celle entre Fran\u00e7ois Hollande et son meilleur ennemi du Parti de gauche Jean-Luc M\u00e9lenchon Apr 13, 2017 \u00c0 11 jours du premier tour de la pr\u00e9sidentielle, le pr\u00e9sident a fait irruption dans la campagne et met en garde contre le p\u00e9ril M\u00e9lenchon Mar 30, 2014 Jean-Luc M\u00e9lenchon a enfin appel\u00e9 les \u00e9lus socialistes \u00e0 rompre les rangs et \u00e0 rejoindre lopposition de gauche \u00e0 la politique du gouvernement Apr 6, 2012 France: Hollande cherche \u00e0 contenir leffet M\u00e9lenchon. La gauche s\u00e9rieuse, a-t-il martel\u00e9 jeudi soir lors dune rencontre \u00e0 N\u00eemes sud Apr 17, 2014 A lheure o\u00f9 son maire, Vincent Alazard, pr\u00e9voit de rencontrer Fran\u00e7ois Hollande, Jean-Luc M\u00e9lenchon apporte tout son soutien aux Laguiolais 8 days ago. Le d\u00e9sastre du quinquennat Hollande, le rapport de force \u00e0 gauche se pr\u00e9cise. Jean-Luc M\u00e9lenchon \u00e0 13, \u00e0 3 points du second tour Jan 31, 2016 Jean Luc M\u00e9lenchon \u00e0 la table de Fran\u00e7ois Hollande: ce nest pas tous les. A cette occasion, le chef de lEtat avait rencontr\u00e9 le Lider Jean-Luc M\u00e9lenchon, invit\u00e9 de BFM TV-RMC ce mercredi 9 janvier, na rien perdu de sa pugnacit\u00e9. Le leader Nov 13, 2020 Lancien pr\u00e9sident socialiste Fran\u00e7ois Hollande ne cache pas son. Des difficult\u00e9s que rencontre son successeur \u00e0 la t\u00eate du pays <img decoding=\"async\" src=\"https:\/\/melenchon.fr\/wp-content\/uploads\/2015\/11\/hollande-syrie-turquie-atlantisme-jean-luc-melenchon.jpg\" alt=\"rencontre melenchon hollande\" align=\"center\"> Et donc je rencontre Hollande et je lui dis Moi cest fini tu fais ton truc tout seul, tu te mets le score que tu veux parce que moi je ne Apr 21, 2016 Jean-Luc M\u00e9lenchon est sur un petit nuage. Les dernier sondages le montrent sur les talons de Fran\u00e7ois Hollande et leader incontest\u00e9 de la <img decoding=\"async\" src=\"https:\/\/cdn-lejdd.lanmedia.fr\/var\/europe1\/storage\/images\/lejdd\/election-presidentielle-2012\/actualite\/la-video-qui-fait-le-buzz-autour-de-melenchon-et-hollande-494724\/36277214-2-fre-FR\/La-video-qui-met-a-mal-les-relations-Hollande-Melenchon.jpg\" alt=\"rencontre melenchon hollande\" align=\"right\"> <img decoding=\"async\" src=\"https:\/\/img.lemde.fr\/2013\/04\/11\/0\/0\/1024\/512\/1440\/720\/60\/0\/ill_3158595_f6ca_000_par7136125.jpg\" alt=\"rencontre melenchon hollande\" align=\"left\"> Paul Gasnier la rencontr\u00e9. Ses rivaux et malgr\u00e9 les refus de Yannick Jadot et Jean-Luc M\u00e9lenchon, cette Apr 4, 2014 Rencontre insolite entre les meilleurs ennemis de la gauche au de maligorne Ex chef du service politique AFP, ainsi tweet\u00e9 Bruno Jeudy, le Apr 4, 2014 Une rencontre cocasse alors que Jean-Luc M\u00e9lenchon, par le pass\u00e9 camarade socialiste de Fran\u00e7ois Hollande, tient aujourdhui un discours Mar 15, 2012 Il raconte: Et donc je rencontre Hollande et je lui dis moi cest fini tu. Poursuit Jean-Luc M\u00e9lenchon en faisant parler M. Hollande Apr 7, 2014 Jean-Luc M\u00e9lenchon a crois\u00e9 Fran\u00e7ois Hollande au si\u00e8ge de lAFP jeudi soir, Des photos de cette rencontre fortuite ont circul\u00e9 dans les 6 days ago Il faut quils aient conscience que si on veut sauver le pays, il faut arr\u00eater le d\u00e9clin fran\u00e7ais qui sassocie \u00e0 la gestion Macron-Hollande Nov 30, 2017 Pour lEmission Politique diffus\u00e9 ce 30 novembre, Jean-Luc M\u00e9lenchon a rencontr\u00e9 cinq agriculteurs. Et il na pas pu semp\u00eacher de faire une Mar 15, 2012 Dans une vid\u00e9o qui fait le buzz sur internet, le candidat Front de Gauche Jean-Luc M\u00e9lenchon raconte un accord quil aurait conclu avec Brexit: Hollande entre agitation et bricolage Intervention de Jean-Luc M\u00e9lenchon samedi apr\u00e8s sa rencontre May 16, 2012 Le Falcon de la R\u00e9publique pris par Fran\u00e7ois Hollande \u00e0 Villacoublay pour gagner Berlin pour y rencontrer Angela Merkel mardi en fin.<\/p>\n","protected":false},"excerpt":{"rendered":"<p>Apr 4, 2014 Loccasion de rencontres cocasses comme celle entre Fran\u00e7ois Hollande et son meilleur ennemi du Parti de gauche Jean-Luc M\u00e9lenchon Apr 13, 2017 \u00c0 11 jours du premier tour de la pr\u00e9sidentielle, le pr\u00e9sident a fait irruption dans la campagne et met en garde contre le p\u00e9ril M\u00e9lenchon Mar 30, 2014 Jean-Luc M\u00e9lenchon [&hellip;]<\/p>\n","protected":false},"author":1,"featured_media":0,"comment_status":"closed","ping_status":"closed","sticky":false,"template":"","format":"standard","meta":{"footnotes":""},"categories":[],"tags":[],"class_list":["post-12688","post","type-post","status-publish","format-standard","hentry"],"_links":{"self":[{"href":"https:\/\/student.mads.org\/journal\/wp-json\/wp\/v2\/posts\/12688","targetHints":{"allow":["GET"]}}],"collection":[{"href":"https:\/\/student.mads.org\/journal\/wp-json\/wp\/v2\/posts"}],"about":[{"href":"https:\/\/student.mads.org\/journal\/wp-json\/wp\/v2\/types\/post"}],"author":[{"embeddable":true,"href":"https:\/\/student.mads.org\/journal\/wp-json\/wp\/v2\/users\/1"}],"replies":[{"embeddable":true,"href":"https:\/\/student.mads.org\/journal\/wp-json\/wp\/v2\/comments?post=12688"}],"version-history":[{"count":0,"href":"https:\/\/student.mads.org\/journal\/wp-json\/wp\/v2\/posts\/12688\/revisions"}],"wp:attachment":[{"href":"https:\/\/student.mads.org\/journal\/wp-json\/wp\/v2\/media?parent=12688"}],"wp:term":[{"taxonomy":"category","embeddable":true,"href":"https:\/\/student.mads.org\/journal\/wp-json\/wp\/v2\/categories?post=12688"},{"taxonomy":"post_tag","embeddable":true,"href":"https:\/\/student.mads.org\/journal\/wp-json\/wp\/v2\/tags?post=12688"}],"curies":[{"name":"wp","href":"https:\/\/api.w.org\/{rel}","templated":true}]}}