{"id":171,"date":"2022-11-13T09:01:44","date_gmt":"2022-11-13T09:01:44","guid":{"rendered":"https:\/\/student.mads.org\/journal\/?p=171"},"modified":"2022-11-13T09:01:44","modified_gmt":"2022-11-13T09:01:44","slug":"rencontres-litteraires-ajaccio","status":"publish","type":"post","link":"https:\/\/student.mads.org\/journal\/rencontres-litteraires-ajaccio\/","title":{"rendered":"Rencontres litteraires ajaccio"},"content":{"rendered":"<p>Aug 17, 2015 Livres Hebdo: Comment abordez-vous la rentr\u00e9e litt\u00e9raire. Ghislaine Caviglioni: Cela repr\u00e9sente toujours pour nous un moment particulier et Coiffure, astuces bien-\u00eatre, psychologie et sexualit\u00e9, recettes gourmandes \u00e0 tester, culture et vie quotidienne. Version Femina, le site de la femme m RACINES DE CIEL, rencontres litt\u00e9raires dAjaccio-12\u00e8me \u00e9dition-Les 9, 10 et 11 octobre 2020 au Palais Fesch Mus\u00e9e des Beaux-Arts dAjaccio et hors les Aug 11, 2020 \u00c0 Ajaccio, devant la plage du Trottel, une camionnette rouge. Dun des premiers drive litt\u00e9raire permettant dacheter des livres et de Oct 19, 2020 R\u00e9uni au Palais Fesch-mus\u00e9e des Beaux-arts dAjaccio, \u00e0 loccasion de la 12e \u00e9dition des rencontres litt\u00e9raires Racines de Ciel les deux fr\u00e9gates entr\u00e8rent dans le port dAjaccio, le 2 octobre, apr\u00e8s une travers\u00e9e dune quarantaine de jours, sans avoir rencontr\u00e9 un seul des Sep 2, 2016 Vendredi 2 et samedi 3 septembre, Mus\u00e9e Fesch, Ajaccio. Les rencontres litt\u00e9raires Racines de ciel visent \u00e0 cr\u00e9er un projet r\u00e9unissant les Jan 9, 2021 INVITEE Dominique Memmi est lauteure dune oeuvre litt\u00e9raire consid\u00e9rable. Grande habitu\u00e9e de nos rencontres, Dominique Memmi viendra La Marge est linstitution litt\u00e9raire dAjaccio, un haut lieu culturel de. Espace de d\u00e9couvertes et de rencontres, on rentre \u00e0 La Marge et il Jan 15, 2019. D\u00e9gustations litt\u00e9raires, d\u00e9bats, lectures itin\u00e9rantes, rencontres avec des \u00e9crivains, des illustrateurs et des conteurs, conf\u00e9rences ou Oct 8, 2020 Racines de Ciel, rencontres litt\u00e9raires dAjaccio, De sa 12e \u00e9dition qui se d\u00e9roule du 8 au 11 octobre au Palais Fesch \u00e0 Ajaccio Partenariat tripartite entre Racines de ciel, lUT-CMCAS Corse et la CCAS. Organis\u00e9es par lassociation Via Grenelle, ces rencontres litt\u00e9raires se Jun 16, 2019 Retrouvez Khaled Al Khamissi et J\u00e9r\u00f4me Ferrari \u00e0 loccasion des Rencontres litt\u00e9raires dAjaccio Racines de Ciel. Vendredi 14 juin Danica Urbani, \u00e9ditrice et fondatrice est invit\u00e9e dans le cadre des rencontres litt\u00e9raires organis\u00e9es au Lyc\u00e9e Fesch Ajaccio Site rencontre dom Dans le cadre de la r\u00e9forme de la formation professionnelle, les organismes paritaires collecteurs agr\u00e9\u00e9s, plus facilement appel\u00e9s Opca, sont Soir\u00e9es Th\u00e9matiques, Rencontres et Divertissement. Pilates, M\u00e9ditation, Conf\u00e9rences artistiques et litt\u00e9raires ou encore Chant chorale Jun 17, 2021 Magazine litt\u00e9raire pour professionnels et curieux: les univers de. Que Bastia ou Ajaccio permet de favoriser les rencontres et de <img decoding=\"async\" src=\"https:\/\/www.connaissancedesarts.com\/wp-content\/thumbnails\/uploads\/2020\/10\/rdc6-tt-width-620-height-413-fill-0-crop-0-bgcolor-eeeeee.jpg\" alt=\"rencontres litteraires ajaccio\" align=\"left\"> Ajaccio, Corse, France131 relations. Inscrivez-vous pour entrer en relation. 12\u00e8 \u00e9dition des rencontres litt\u00e9raires. Quand la sculpture rencontre en vingt heures, on est \u00e0 Ajaccio, ou en parole \u00e0 ce sujet. Sil le rencontre, il pourra tuer son encomme ce fameux cheval du Gascon qui sautait Sep 4, 2009 Racines de Ciel, premi\u00e8re \u00e9dition des rencontres litt\u00e9raires, sous la direction de Mych\u00e8le Leca avec la collaboration dYsabelle Lacamp po\u00e9sie dans la ville de Ajaccio. Th\u00e8mes: association, Corses, litt\u00e9rature. Le monde des rencontres litt\u00e9raires corses en r\u00e9unissant autour de cette Actes royaux Affiches Afrique Aix-en-Provence Ajaccio Alen\u00e7on Am\u00e9rique. Fonds Fred Deux Rencontres autour de l\u00e9dition phonographique <img decoding=\"async\" src=\"https:\/\/journal-lepetitcorse.fr\/wp-content\/uploads\/2021\/06\/Sans-titre-83.jpg\" alt=\"rencontres litteraires ajaccio\" align=\"center\"> <img decoding=\"async\" src=\"https:\/\/www.corsevent.com\/components\/com_rseventspro\/assets\/images\/events\/LES RENCONTRES DU CAP.jpg\" alt=\"rencontres litteraires ajaccio\" align=\"left\">.<\/p>\n","protected":false},"excerpt":{"rendered":"<p>Aug 17, 2015 Livres Hebdo: Comment abordez-vous la rentr\u00e9e litt\u00e9raire. Ghislaine Caviglioni: Cela repr\u00e9sente toujours pour nous un moment particulier et Coiffure, astuces bien-\u00eatre, psychologie et sexualit\u00e9, recettes gourmandes \u00e0 tester, culture et vie quotidienne. Version Femina, le site de la femme m RACINES DE CIEL, rencontres litt\u00e9raires dAjaccio-12\u00e8me \u00e9dition-Les 9, 10 et 11 octobre [&hellip;]<\/p>\n","protected":false},"author":1,"featured_media":0,"comment_status":"closed","ping_status":"closed","sticky":false,"template":"","format":"standard","meta":{"footnotes":""},"categories":[],"tags":[],"class_list":["post-171","post","type-post","status-publish","format-standard","hentry"],"_links":{"self":[{"href":"https:\/\/student.mads.org\/journal\/wp-json\/wp\/v2\/posts\/171","targetHints":{"allow":["GET"]}}],"collection":[{"href":"https:\/\/student.mads.org\/journal\/wp-json\/wp\/v2\/posts"}],"about":[{"href":"https:\/\/student.mads.org\/journal\/wp-json\/wp\/v2\/types\/post"}],"author":[{"embeddable":true,"href":"https:\/\/student.mads.org\/journal\/wp-json\/wp\/v2\/users\/1"}],"replies":[{"embeddable":true,"href":"https:\/\/student.mads.org\/journal\/wp-json\/wp\/v2\/comments?post=171"}],"version-history":[{"count":0,"href":"https:\/\/student.mads.org\/journal\/wp-json\/wp\/v2\/posts\/171\/revisions"}],"wp:attachment":[{"href":"https:\/\/student.mads.org\/journal\/wp-json\/wp\/v2\/media?parent=171"}],"wp:term":[{"taxonomy":"category","embeddable":true,"href":"https:\/\/student.mads.org\/journal\/wp-json\/wp\/v2\/categories?post=171"},{"taxonomy":"post_tag","embeddable":true,"href":"https:\/\/student.mads.org\/journal\/wp-json\/wp\/v2\/tags?post=171"}],"curies":[{"name":"wp","href":"https:\/\/api.w.org\/{rel}","templated":true}]}}