{"id":179,"date":"2022-11-13T09:02:37","date_gmt":"2022-11-13T09:02:37","guid":{"rendered":"https:\/\/student.mads.org\/journal\/?p=179"},"modified":"2022-11-13T09:02:37","modified_gmt":"2022-11-13T09:02:37","slug":"rencontre-marocaines-en-belgique","status":"publish","type":"post","link":"https:\/\/student.mads.org\/journal\/rencontre-marocaines-en-belgique\/","title":{"rendered":"Rencontre marocaines en belgique"},"content":{"rendered":"<p>Apr 9, 2013 Sihem Abbas, vice-pr\u00e9sidente de lAMDH-Belgique et Abdellah El Haji, Pr\u00e9sident de la section AMDH-Belgique. Alexis Deswaef, pr\u00e9sident de la Le parquet f\u00e9d\u00e9ral belge a requis une peine de 15 ans demprisonnement \u00e0 lencontre. La Cour de cassation marocaine a autoris\u00e9 lextradition de Yidiresi <img decoding=\"async\" src=\"https:\/\/aujourdhui.ma\/wp-content\/uploads\/2021\/01\/MRE-CGEM-DR.jpg\" alt=\"rencontre marocaines en belgique\" align=\"center\"> Rencontres parents solo belgique. Prix: 14. 94. Promotion: 13. 15. Attention Stock limit\u00e9. Association de rencontre univert Ajouter au panier Jul 15, 2020 Revenons sur ces rencontres dans la capitale belge et parlons de lavenir du dialogue litt\u00e9raire belgo-marocain avec Taha Adnan D\u00e9couvrez les collections Automne Hiver 2021 de la marque IKKS. Des lignes Femme, Homme et Enfant toujours plus chics et urbaines. Boutique en Ligne Les compagnies. Site rencontre pour turc france rencontre lds. Wiz khalifa et amber rose rencontre rencontres belgique ado Sep 24, 2019 De la formation au s\u00e9jour au Maroc, le parcours des jeunes de lISMJ dans leur projet de citoyennet\u00e9 et de rencontre interculturelle GTROUVE Annonces Gratuites Rencontres Homme Femme Gay Lesbiennes, Serieuses et sans lendemain belgique avec photo sur G TROUVE May 31, 2016 La coop\u00e9ration dans le domaine de la lutte contre le terrorisme entre le Maroc et la Belgique a \u00e9t\u00e9 au centre dun entretien, lundi \u00e0 Rabat Oct 30, 2013 Dans le cadre des 50 ans de pr\u00e9sence marocaine en Belgique. Rencontre avec Ahmed Mokadem, n\u00e9 en 1927 \u00e0 Had El Gharbia Nord du MarocPetit Dans le flux de lactualit\u00e9 viennent se glisser demi-v\u00e9rit\u00e9s, vrais et faux semblants, mensonges, gros ou petits. Pour d\u00e9m\u00ealer le vrai du faux <img decoding=\"async\" src=\"https:\/\/jeholet.cfwb.be\/files\/Images\/Galerie\/Photos\/IMG_7727.jpg\" alt=\"rencontre marocaines en belgique\" align=\"left\"> Cit\u00e9 du Maroc. Cit\u00e9 du Maroc. Rue Adolphe Prayez, Tournai, Belgique Liste. Des \u00e9v\u00e8nements \u00c9v\u00e8nements. Des \u00e9ditions pr\u00e9c\u00e9dentes. 17 juillet 2020 Les rencontres se font souvent au moment o\u00f9 on sy attend le moins. Happn, cest lapplication qui vous connecte \u00e0 toutes ces personnes que vous croisez <img decoding=\"async\" src=\"https:\/\/aujourdhui.ma\/wp-content\/uploads\/2021\/01\/MRE-CGEM-DR.jpg\" alt=\"rencontre marocaines en belgique\" align=\"left\"> Par exemple, il est estim\u00e9 que 20 des habitants de Bruxelles en Belgique ont des origines ou la nationalit\u00e9 marocaine. Si vous vous rendez au Maroc, il sera 4 days ago Le pr\u00e9sident du FC Barcelone, Joan Laporta, a rencontr\u00e9 lundi \u00e0 Turin lagent dErling Haaland, Mino Raiola. Le club catalan r\u00eave dattirer.<\/p>\n","protected":false},"excerpt":{"rendered":"<p>Apr 9, 2013 Sihem Abbas, vice-pr\u00e9sidente de lAMDH-Belgique et Abdellah El Haji, Pr\u00e9sident de la section AMDH-Belgique. Alexis Deswaef, pr\u00e9sident de la Le parquet f\u00e9d\u00e9ral belge a requis une peine de 15 ans demprisonnement \u00e0 lencontre. La Cour de cassation marocaine a autoris\u00e9 lextradition de Yidiresi Rencontres parents solo belgique. Prix: 14. 94. Promotion: 13. [&hellip;]<\/p>\n","protected":false},"author":1,"featured_media":0,"comment_status":"closed","ping_status":"closed","sticky":false,"template":"","format":"standard","meta":{"footnotes":""},"categories":[],"tags":[],"class_list":["post-179","post","type-post","status-publish","format-standard","hentry"],"_links":{"self":[{"href":"https:\/\/student.mads.org\/journal\/wp-json\/wp\/v2\/posts\/179","targetHints":{"allow":["GET"]}}],"collection":[{"href":"https:\/\/student.mads.org\/journal\/wp-json\/wp\/v2\/posts"}],"about":[{"href":"https:\/\/student.mads.org\/journal\/wp-json\/wp\/v2\/types\/post"}],"author":[{"embeddable":true,"href":"https:\/\/student.mads.org\/journal\/wp-json\/wp\/v2\/users\/1"}],"replies":[{"embeddable":true,"href":"https:\/\/student.mads.org\/journal\/wp-json\/wp\/v2\/comments?post=179"}],"version-history":[{"count":0,"href":"https:\/\/student.mads.org\/journal\/wp-json\/wp\/v2\/posts\/179\/revisions"}],"wp:attachment":[{"href":"https:\/\/student.mads.org\/journal\/wp-json\/wp\/v2\/media?parent=179"}],"wp:term":[{"taxonomy":"category","embeddable":true,"href":"https:\/\/student.mads.org\/journal\/wp-json\/wp\/v2\/categories?post=179"},{"taxonomy":"post_tag","embeddable":true,"href":"https:\/\/student.mads.org\/journal\/wp-json\/wp\/v2\/tags?post=179"}],"curies":[{"name":"wp","href":"https:\/\/api.w.org\/{rel}","templated":true}]}}