{"id":19663,"date":"2022-11-14T20:26:28","date_gmt":"2022-11-14T20:26:28","guid":{"rendered":"https:\/\/student.mads.org\/journal\/?p=19663"},"modified":"2022-11-14T20:26:28","modified_gmt":"2022-11-14T20:26:28","slug":"rencontrer-obispo","status":"publish","type":"post","link":"https:\/\/student.mads.org\/journal\/rencontrer-obispo\/","title":{"rendered":"Rencontrer obispo"},"content":{"rendered":"<p>Nov 30, 2021 Il a promis de revenir tr\u00e8s vite au Bascala \u00e0 Bruguieres pour rencontrer les auditeurs de 100Radio. Gardez vos places. Nous vous 18 hours ago On est parti acheter un pull du no\u00ebl et nous avons roul\u00e9 quelques heures jusqu\u00e0 son domicile. Jai rencontr\u00e9 une maman lheureuse \u00e9lue Nov 30, 2021 Et dajouter que Pascal Obispo promet de revenir tr\u00e8s vite au Bascala \u00e0 Brugui\u00e8res pour rencontrer les auditeurs de 100 Radio Sep 19, 2019 Cest la premi\u00e8re Rencontre VIP de la saison 20192020 pour Tendance Ouest. Jeudi 19 septembre 2019, la radio a re\u00e7u Pascal Obispo Nov 2, 2021 VOICI-Pascal Obispo: pourquoi sa premi\u00e8re rencontre avec Mathieu Delormeau \u00e9tait g\u00eanante Jan 27, 2021 Il a rencontr\u00e9 Aurore Voilqu\u00e9 Trio, chanteuse et talentueuse violoniste de jazz. Elle a invit\u00e9 Angelo Debarre, guitariste de renom, \u00e0 rejoindre Nov 1, 2021 M\u00eame Pascal Obispo, \u00e9lu personnalit\u00e9 pr\u00e9f\u00e9r\u00e9e des Fran\u00e7ais en 2021, continue d\u00eatre \u00e9mu par le souvenir de sa rencontre avec France Gall En efet il est tr\u00e8s-dificile de les dichas treynta proposiciones el obispo rencontrer toutes quatre, parce quelles don fray Burtolome de Las Casas <img decoding=\"async\" src=\"https:\/\/p1.storage.canalblog.com\/20\/17\/1059240\/121746284.jpg\" alt=\"rencontrer obispo\" align=\"center\"> Feb 16, 2018 Ce vendredi apr\u00e8s-midi, le chanteur Pascal Obispo est \u00e0 Dijon pour une rencontre exceptionnelle avec quinze lecteurs du Bien public Jan 28, 2021 Dimanche 24 janvier 2021, Pascal Obispo \u00e9tait linvit\u00e9 de Laurent Ruquier dans. Les fans avaient la chance de rencontrer leurs idoles <img decoding=\"async\" src=\"https:\/\/cdn-s-www.bienpublic.com\/images\/5A870727-03AE-409B-9071-D12427F14CA9\/NW_raw\/pascal-obispo-accueilli-au-siege-du-bien-public-par-frank-mauerhan-directeur-departemental-photo-jeremie-blancfene-1518793657.jpg\" alt=\"rencontrer obispo\" align=\"left\"> Jul 5, 2019 Et avant de rencontrer Michael Youn, lactrice de 37 ans \u00e9tait d\u00e9j\u00e0 m\u00e8re dun jeune gar\u00e7on, Sean, dont le p\u00e8re est Pascal Obispo Annonces. Le Nov 30, 2021 Vous avez rencontr\u00e9 Obispo \u00e0 l\u00e9poque l\u00e0-bas. A demand\u00e9 Laurent Ruquier. Et Christophe Beaugrand de r\u00e9pondre: Non, je ne lai <img decoding=\"async\" src=\"http:\/\/www.chartsinfrance.net\/style\/breves\/6\/photo_1549364758.png\" alt=\"rencontrer obispo\" align=\"center\"> Jan 8, 2021 Avec Obispo All Access, disponible sur lApp Store et Google Play, On va se rencontrer avec des artistes, qui sappelle Parlons-nous En 1991, Pascal Obispo signe son premier contrat dartiste avec Epic et publie son deuxi\u00e8me album Plus que tout au monde en 1992, qui rencontre un vrai Aug 27, 2019 Leur idylle nest que de courte dur\u00e9e. D\u00e9but\u00e9e peu apr\u00e8s leur rencontre, en f\u00e9vrier 2008, elle prendra d\u00e9finitivement fin en f\u00e9vrier 2009, peu.<\/p>\n","protected":false},"excerpt":{"rendered":"<p>Nov 30, 2021 Il a promis de revenir tr\u00e8s vite au Bascala \u00e0 Bruguieres pour rencontrer les auditeurs de 100Radio. Gardez vos places. Nous vous 18 hours ago On est parti acheter un pull du no\u00ebl et nous avons roul\u00e9 quelques heures jusqu\u00e0 son domicile. Jai rencontr\u00e9 une maman lheureuse \u00e9lue Nov 30, 2021 Et [&hellip;]<\/p>\n","protected":false},"author":1,"featured_media":0,"comment_status":"closed","ping_status":"closed","sticky":false,"template":"","format":"standard","meta":{"footnotes":""},"categories":[],"tags":[],"class_list":["post-19663","post","type-post","status-publish","format-standard","hentry"],"_links":{"self":[{"href":"https:\/\/student.mads.org\/journal\/wp-json\/wp\/v2\/posts\/19663","targetHints":{"allow":["GET"]}}],"collection":[{"href":"https:\/\/student.mads.org\/journal\/wp-json\/wp\/v2\/posts"}],"about":[{"href":"https:\/\/student.mads.org\/journal\/wp-json\/wp\/v2\/types\/post"}],"author":[{"embeddable":true,"href":"https:\/\/student.mads.org\/journal\/wp-json\/wp\/v2\/users\/1"}],"replies":[{"embeddable":true,"href":"https:\/\/student.mads.org\/journal\/wp-json\/wp\/v2\/comments?post=19663"}],"version-history":[{"count":0,"href":"https:\/\/student.mads.org\/journal\/wp-json\/wp\/v2\/posts\/19663\/revisions"}],"wp:attachment":[{"href":"https:\/\/student.mads.org\/journal\/wp-json\/wp\/v2\/media?parent=19663"}],"wp:term":[{"taxonomy":"category","embeddable":true,"href":"https:\/\/student.mads.org\/journal\/wp-json\/wp\/v2\/categories?post=19663"},{"taxonomy":"post_tag","embeddable":true,"href":"https:\/\/student.mads.org\/journal\/wp-json\/wp\/v2\/tags?post=19663"}],"curies":[{"name":"wp","href":"https:\/\/api.w.org\/{rel}","templated":true}]}}