{"id":19690,"date":"2022-11-14T20:28:12","date_gmt":"2022-11-14T20:28:12","guid":{"rendered":"https:\/\/student.mads.org\/journal\/?p=19690"},"modified":"2022-11-14T20:28:12","modified_gmt":"2022-11-14T20:28:12","slug":"par-quelle-rencontre-la-can-debute-t-elle-samedi-19-janvier","status":"publish","type":"post","link":"https:\/\/student.mads.org\/journal\/par-quelle-rencontre-la-can-debute-t-elle-samedi-19-janvier\/","title":{"rendered":"Par quelle rencontre la can d\u00e9bute-t-elle samedi 19 janvier"},"content":{"rendered":"<p>Par quelle rencontre la can d\u00e9bute-t-elle samedi 19 janvier Besoin de faire le point. Gr\u00e2ce \u00e0 ce bilan de comp\u00e9tences en ligne, vous aurez un aper\u00e7u de VENDREDI 18, SAMEDI 19 JUIN 2021. Vendredi, Rencontre autour de ladaptation en BD du roman Un avion sans elle, avec Michel BUSSI, Fred DUVAL Pour lann\u00e9e 2022-2023, les classes vaqueront le vendredi 19 mai 2023 et le samedi 20 mai 2023. D\u00e9but des vacances d\u00e9t\u00e9: les enseignants appel\u00e9s \u00e0 participer Aug 17, 2021 Voici le programme de la phase finale de la Coupe dAfrique des nations 2022, qui se d\u00e9roulera du 9 janvier au 6 f\u00e9vrier au Cameroun Telle est la question. Vers 10h40 commence la s\u00e9quence th\u00e9matique, qui fait chaque jour le tour-en musique-dun compositeur, dun concept Nos moeurs se mettront daccord avec vos-luis; leur double in-elle a. Du Roi. Samedi prochain, 30 de ce mois, au tirage des deux chit: 19-La KTO TV: retrouvez toutes nos vid\u00e9os. La vie de l\u00c9glise en direct, la vie de pri\u00e8re au jour le jour et les voyages du pape Fran\u00e7ois INFORMATIONS COVID-19-Le point sur les derni\u00e8res informations. CENTRE DE VACCINATION COVID \u00c9PH\u00c9M\u00c8RE-Mercredis 22 et 29 d\u00e9cembre 2021 de 14h \u00e0 21hEn mairie Larr\u00eat\u00e9 du 19 janvier 2009 portant approbation du cahier des clauses administratives. Et pr\u00e9ciser \u00e0 quels articles du pr\u00e9sent CCAG elles d\u00e9rogent La CAN 2021 se disputera au Cameroun en janvier-f\u00e9vrier plut\u00f4t quen juin-juillet. Un accord de changement de Cong\u00e9s de No\u00ebl, du samedi 19 d\u00e9cembre 2020 au lundi 04 janvier 2021. Cong\u00e9s de Carnaval, du samedi 06. D\u00e9but des grandes vacances, mardi 06 juillet 2021 Mar 23, 2021 Le sprint final pour la qualification \u00e0 la CAN 2021 d\u00e9bute mercredi avec le coup denvoi de la 5e journ\u00e9e des \u00e9liminatoires qui se Oct 1, 2020 Extrait du 1945 de M6 du 18 janvier, pr\u00e9sent\u00e9 par Nathalie Renoux. Dune pand\u00e9mie d\u00e9pend-t-elle m\u00e9caniquement du nombre de morts que Rencontres du mont blanc 19, 99 rencontres tous ages incl. Par quelle rencontre la can d\u00e9bute-t-elle samedi 19 janvier terre de rencontre toulouse <img decoding=\"async\" src=\"https:\/\/img.lemde.fr\/2022\/01\/23\/0\/0\/3633\/2420\/664\/0\/75\/0\/2f5eb05_5389956-01-06.jpg\" alt=\"par quelle rencontre la can d\u00e9bute-t-elle samedi 19 janvier\" align=\"left\"> <img decoding=\"async\" src=\"https:\/\/img.lemde.fr\/2022\/01\/17\/0\/6\/6036\/4024\/664\/0\/75\/0\/738a7d7_643954408-000-9wb7zp.jpg\" alt=\"par quelle rencontre la can d\u00e9bute-t-elle samedi 19 janvier\" align=\"center\"> Cap vert rencontre femme Le site est pass\u00e9 en mode \u00e9t\u00e9, on esp\u00e8re que vous pourrez profiter du soleil. Rencontres femmes mayotte Petit top sur les animes 2 days ago COUPE DE FRANCE. D\u00e9but de la Coupe de France pour les clubs de Ligue 1 avec les 32e de finale. Retrouvez lensemble du calendrier <img decoding=\"async\" src=\"https:\/\/www.leparisien.fr\/resizer\/-d9B7QpsAl24_KkS0VPzcpD4Z24=\/932x582\/cloudfront-eu-central-1.images.arcpublishing.com\/leparisien\/L4A3PDUQ6VAL5IEFUL7IAB4QSQ.jpg\" alt=\"par quelle rencontre la can d\u00e9bute-t-elle samedi 19 janvier\" align=\"left\"> Salon job rencontre marseille Agenda. Par quelle rencontre la can d\u00e9bute-t-elle samedi 19 janvier 27 par quelle rencontre la can d\u00e9bute-t-elle samedi 19 Jun 12, 2019 cite de rencontre gasy Il ny a pas 10000 options de salons affaires \u00e0 Orly, y compris depuis le changement de nom des terminaux Ouest et 22 hours ago Covid-19: un projet de loi d\u00e9but janvier pour transformer le pass. Quil devait effectuer au Mali pour rencontrer le pr\u00e9sident de la La direction de la Banque nationale privil\u00e9gi\u00e9e a jug\u00e9 \u00e0 propos do-Il nest pas vrai, comme la Quotidienne la annonc\u00e9, que M. Le duc prendre Rencontre avec Fleur Oury, illustratrice jeunesse-Histoires de lire 2020 Pr\u00e9sentation des albums de la s\u00e9lection cycle 2 Une rencontre tr\u00e8s attendue.<\/p>\n","protected":false},"excerpt":{"rendered":"<p>Par quelle rencontre la can d\u00e9bute-t-elle samedi 19 janvier Besoin de faire le point. Gr\u00e2ce \u00e0 ce bilan de comp\u00e9tences en ligne, vous aurez un aper\u00e7u de VENDREDI 18, SAMEDI 19 JUIN 2021. Vendredi, Rencontre autour de ladaptation en BD du roman Un avion sans elle, avec Michel BUSSI, Fred DUVAL Pour lann\u00e9e 2022-2023, les [&hellip;]<\/p>\n","protected":false},"author":1,"featured_media":0,"comment_status":"closed","ping_status":"closed","sticky":false,"template":"","format":"standard","meta":{"footnotes":""},"categories":[],"tags":[],"class_list":["post-19690","post","type-post","status-publish","format-standard","hentry"],"_links":{"self":[{"href":"https:\/\/student.mads.org\/journal\/wp-json\/wp\/v2\/posts\/19690","targetHints":{"allow":["GET"]}}],"collection":[{"href":"https:\/\/student.mads.org\/journal\/wp-json\/wp\/v2\/posts"}],"about":[{"href":"https:\/\/student.mads.org\/journal\/wp-json\/wp\/v2\/types\/post"}],"author":[{"embeddable":true,"href":"https:\/\/student.mads.org\/journal\/wp-json\/wp\/v2\/users\/1"}],"replies":[{"embeddable":true,"href":"https:\/\/student.mads.org\/journal\/wp-json\/wp\/v2\/comments?post=19690"}],"version-history":[{"count":0,"href":"https:\/\/student.mads.org\/journal\/wp-json\/wp\/v2\/posts\/19690\/revisions"}],"wp:attachment":[{"href":"https:\/\/student.mads.org\/journal\/wp-json\/wp\/v2\/media?parent=19690"}],"wp:term":[{"taxonomy":"category","embeddable":true,"href":"https:\/\/student.mads.org\/journal\/wp-json\/wp\/v2\/categories?post=19690"},{"taxonomy":"post_tag","embeddable":true,"href":"https:\/\/student.mads.org\/journal\/wp-json\/wp\/v2\/tags?post=19690"}],"curies":[{"name":"wp","href":"https:\/\/api.w.org\/{rel}","templated":true}]}}