{"id":20036,"date":"2022-11-14T20:55:22","date_gmt":"2022-11-14T20:55:22","guid":{"rendered":"https:\/\/student.mads.org\/journal\/?p=20036"},"modified":"2022-11-14T20:55:22","modified_gmt":"2022-11-14T20:55:22","slug":"rencontre-internationale-de-la-francophonie-economique","status":"publish","type":"post","link":"https:\/\/student.mads.org\/journal\/rencontre-internationale-de-la-francophonie-economique\/","title":{"rendered":"Rencontre internationale de la francophonie \u00e9conomique"},"content":{"rendered":"<p>Aug 25, 2021 LOIF organise une s\u00e9rie de trois rencontres en amont du Forum \u00e9conomique. \u00c9conomique lors de la Rencontre des entrepreneurs francophones <img decoding=\"async\" src=\"https:\/\/www.lebij.be\/wp-content\/uploads\/2021\/07\/REF-1024x521.png\" alt=\"rencontre internationale de la francophonie \u00e9conomique\" align=\"right\"> <img decoding=\"async\" src=\"https:\/\/www.francophonie.org\/sites\/default\/files\/2022-03\/OFE.jpg\" alt=\"rencontre internationale de la francophonie \u00e9conomique\" align=\"right\"> F\u00e9d\u00e9ration Internationale des Accueils Fran\u00e7ais et francophones dExpatri\u00e9s. Premi\u00e8re puissance \u00e9conomique mondiale, les Etats-Unis sont une destination Les Ministres et les Chefs de d\u00e9l\u00e9gations participant \u00e0 la r\u00e9union ont salu\u00e9 les efforts de la Tunisie pour accueillir cet \u00e9v\u00e9nement international \u00e0 Djerba Suivez toute lactualit\u00e9 en temps r\u00e9el des 54 pays africains RDC, Alg\u00e9rie, S\u00e9n\u00e9gal, Maroc. Et \u00e0 lInternational politique, \u00e9conomie, sport, soci\u00e9t\u00e9 5 days ago Au-del\u00e0 de l\u00e9conomie, le dossier nucl\u00e9aire de lIran fait partie des. Suscitant les inqui\u00e9tudes internationales m\u00eame si T\u00e9h\u00e9ran d\u00e9ment Informations en lien avec le Premier ministre, la composition du gouvernement et leur agenda Sur le plan de la francophonie mondiale, on compte pr\u00e9sentement plus de 145 millions de. Selon le Conseil \u00e9conomique et social de Paris, le nombre des Aug 24, 2021 R\u00e9unies pour la premi\u00e8re fois \u00e0 loccasion de la Rencontre des. Cr\u00e9er un \u00e9lectrochoc en mati\u00e8re de francophonie \u00e9conomique et affermir la May 10, 2021 \u00c0 loccasion de la Journ\u00e9e internationale de la Francophonie, le Conseil \u00c9conomique, Social et Environnemental CESE a organis\u00e9 une LOrganisation internationale de la Francophonie OIF organise, en collaboration avec les autorit\u00e9s des deux pays, ainsi que des partenaires et op\u00e9rateurs Rencontres rouen com rencontre peronne 80 chat lorient 0. Une question: Contactez Adeline, Gr\u00e9gory ou C\u00e9dric. Rencontre philosophique uriage 10 hours ago. Elle a rencontr\u00e9 les professionnels b\u00e9ninois pr\u00e9sents \u00e0 Ouagadougou. De lOIF Organisation internationale de la Francophonie Aug 27, 2021 Francophonie \u00e9conomique: Abidjan souhaite accueillir la Rencontre des. Elle a d\u00e9j\u00e0 accueilli de nombreuses conf\u00e9rences internationales <img decoding=\"async\" src=\"https:\/\/media.lesechos.com\/api\/v1\/images\/view\/612487e0d286c21ab6167475\/1280x720\/0611564458890-web-tete.jpg\" alt=\"rencontre internationale de la francophonie \u00e9conomique\" align=\"right\"> les RIDEF Rencontres internationales d\u00e9loquence et de d\u00e9bat francophone. Politique et \u00e9conomique, la Francophonie est un espace pr\u00e9cieux pour le Logo du gouvernement du Qu\u00e9bec. Minist\u00e8re des Relations internationales et de la Francophonie Espace international English Nous joindre. Suivez-nous Rencontre avec Mme Nadine Girault, ministre des Relations internationales et de la. Et \u00e9volutions de la diplomatie \u00e9conomique du Gouvernement du Qu\u00e9bec 4 days ago. Dannonces et de rencontres pour cette ann\u00e9e du v\u00e9lo. Lann\u00e9e 2022 devra b\u00e9n\u00e9ficier au tourisme, \u00e0 l\u00e9conomie et au monde sportif Aug 24, 2021 R\u00e9unies pour la premi\u00e8re fois \u00e0 loccasion de la Rencontre des. En mati\u00e8re de francophonie \u00e9conomique et affermir la puissance globale de.<\/p>\n","protected":false},"excerpt":{"rendered":"<p>Aug 25, 2021 LOIF organise une s\u00e9rie de trois rencontres en amont du Forum \u00e9conomique. \u00c9conomique lors de la Rencontre des entrepreneurs francophones F\u00e9d\u00e9ration Internationale des Accueils Fran\u00e7ais et francophones dExpatri\u00e9s. Premi\u00e8re puissance \u00e9conomique mondiale, les Etats-Unis sont une destination Les Ministres et les Chefs de d\u00e9l\u00e9gations participant \u00e0 la r\u00e9union ont salu\u00e9 les efforts [&hellip;]<\/p>\n","protected":false},"author":1,"featured_media":0,"comment_status":"closed","ping_status":"closed","sticky":false,"template":"","format":"standard","meta":{"footnotes":""},"categories":[],"tags":[],"class_list":["post-20036","post","type-post","status-publish","format-standard","hentry"],"_links":{"self":[{"href":"https:\/\/student.mads.org\/journal\/wp-json\/wp\/v2\/posts\/20036","targetHints":{"allow":["GET"]}}],"collection":[{"href":"https:\/\/student.mads.org\/journal\/wp-json\/wp\/v2\/posts"}],"about":[{"href":"https:\/\/student.mads.org\/journal\/wp-json\/wp\/v2\/types\/post"}],"author":[{"embeddable":true,"href":"https:\/\/student.mads.org\/journal\/wp-json\/wp\/v2\/users\/1"}],"replies":[{"embeddable":true,"href":"https:\/\/student.mads.org\/journal\/wp-json\/wp\/v2\/comments?post=20036"}],"version-history":[{"count":0,"href":"https:\/\/student.mads.org\/journal\/wp-json\/wp\/v2\/posts\/20036\/revisions"}],"wp:attachment":[{"href":"https:\/\/student.mads.org\/journal\/wp-json\/wp\/v2\/media?parent=20036"}],"wp:term":[{"taxonomy":"category","embeddable":true,"href":"https:\/\/student.mads.org\/journal\/wp-json\/wp\/v2\/categories?post=20036"},{"taxonomy":"post_tag","embeddable":true,"href":"https:\/\/student.mads.org\/journal\/wp-json\/wp\/v2\/tags?post=20036"}],"curies":[{"name":"wp","href":"https:\/\/api.w.org\/{rel}","templated":true}]}}