{"id":20116,"date":"2022-11-14T21:01:26","date_gmt":"2022-11-14T21:01:26","guid":{"rendered":"https:\/\/student.mads.org\/journal\/?p=20116"},"modified":"2022-11-14T21:01:26","modified_gmt":"2022-11-14T21:01:26","slug":"rencontre-hollande-angela-merkel","status":"publish","type":"post","link":"https:\/\/student.mads.org\/journal\/rencontre-hollande-angela-merkel\/","title":{"rendered":"Rencontre hollande angela merkel"},"content":{"rendered":"<p><img decoding=\"async\" src=\"https:\/\/cdn.unitycms.io\/image\/ocroped\/1200,1200,1000,1000,0,0\/c0guqJ-o8gk\/6UFLhFenqcmBkbyfuwXu5h.jpg\" alt=\"rencontre hollande angela merkel\" align=\"right\"> Dec 6, 2021. Celle qui consacre la rencontre entre un homme ou une femme et le peuple. 19h30 M\u00e9dias: les adieux dEmmanuel Macron \u00e0 Angela Merkel May 16, 2012 En d\u00e9pit des al\u00e9as de la m\u00e9t\u00e9o, la rencontre Merkel-Hollande a. Angela Merkel assure quil y a beaucoup de convergences entre elle et Sep 24, 2012 Samedi, \u00e0 Ludwigsbourg, Fran\u00e7ois Hollande et Angela Merkel f\u00eataient ensemble lanniversaire du demi-si\u00e8cle damiti\u00e9 franco-allemande <img decoding=\"async\" src=\"https:\/\/france3-regions.francetvinfo.fr\/image\/VSDctksxgSuSwn5cAfdKDkOiJDg\/600x400\/regions\/2020\/06\/09\/5edee6428284c_hollande_merkel.jpg\" alt=\"rencontre hollande angela merkel\" align=\"center\"> Feb 3, 2016 La chanceli\u00e8re allemande Angela Merkel CDU, le pr\u00e9sident fran\u00e7ais Fran\u00e7ois Hollande et le pr\u00e9sident du Parlement europ\u00e9en, Martin Schulz Feb 7, 2016 Le pr\u00e9sident Fran\u00e7ois Hollande et la chanceli\u00e8re allemande Angela Merkel sont arriv\u00e9s \u00e0 Strasbourg dimanche en fin dapr\u00e8s-midi pour une May 16, 2012 Le pr\u00e9sident fran\u00e7ais Fran\u00e7ois Hollande a \u00e9t\u00e9 accueilli mardi soir \u00e0 la chancellerie \u00e0 Berlin par Angela Merkel, avec un retard de plus 4 days ago En f\u00e9vrier 2013, Fran\u00e7ois Hollande, alors pr\u00e9sident de la France, M\u00eame avec nos pourritures qui c\u00e9l\u00e8brent cette rencontre entre lAutre Jan 9, 2015 La rencontre, pr\u00e9vue dimanche \u00e0 Strasbourg, entre Fran\u00e7ois Hollande et Angela Merkel a \u00e9t\u00e9 report\u00e9e sine die en raison des \u00e9v\u00e9nements May 15, 2012 Rencontre Fran\u00e7ois Hollande Angela Merkel: pas de tabou. Le nouveau pr\u00e9sident puisse rencontrer la chanceli\u00e8re allemande Angela Merkel May 16, 2012 Fran\u00e7ois Hollande veut accorder plus dimportance \u00e0 la croissance en Europe. De son c\u00f4t\u00e9, Angela Merkel donne la priorit\u00e9 \u00e0 la rigueur. Le May 8, 2017 La boucle est boucl\u00e9e: Angela Merkel a accueilli lundi \u00e0 Berlin Fran\u00e7ois Hollande pour son ultime d\u00e9placement pr\u00e9sidentiel \u00e0 l\u00e9tranger Cest Canteloup-Pour la premi\u00e8re fois, Fran\u00e7ois Hollande rencontre Angela Merkel. 269, 106 views269K views 5 days ago Les deux hommes, qui s\u00e9taient rencontr\u00e9s \u00e0 Paris en 2019, Plus ancien dirigeant de lUE en exercice depuis le d\u00e9part dAngela Merkel Aug 18, 2015 Angela Merkel, Petro Porochenko et Fran\u00e7ois Hollande r\u00e9unis \u00e0 Kiev \u00e0 lissue de leurs discussion sur la situation ukrainienne, le 5 f\u00e9vrier May 7, 2012 Le premier d\u00e9placement de Fran\u00e7ois Hollande pr\u00e9sident de la R\u00e9publique aura lieu \u00e0 Berlin pour rencontrer la chanceli\u00e8re allemande Angela Cest peut-\u00eatre un heureux pr\u00e9sage. Travailler ensemble. De son c\u00f4te le pr\u00e9sident de la R\u00e9publique, a expliqu\u00e9 son choix rapide de rencontrer Angela Merkel: May 8, 2017 Fran\u00e7ois Hollande est attendu ce lundi 8 mai soir \u00e0 Berlin pour un repas dadieu avec Angela Merkel. Cela devrait \u00eatre leur derni\u00e8re rencontre May 16, 2012 Fran\u00e7ois Hollande a \u00e9t\u00e9 re\u00e7u avec les honneurs militaires en Allemagne pour une premi\u00e8re rencontre avec Angela Merkel La chanceli\u00e8re allemande Angela Merkel se rend \u00e0 Paris afin dy rencontrer le pr\u00e9sident fran\u00e7ais Fran\u00e7ois Hollande. Le sommet Turquie-Union europ\u00e9enne qui <img decoding=\"async\" src=\"https:\/\/cdn-lejdd.lanmedia.fr\/var\/europe1\/storage\/images\/lejdd\/election-presidentielle-2012\/actualite\/merkel-ne-souhaiterait-pas-rencontrer-hollande-491790\/36264089-2-fre-FR\/Merkel-ne-souhaiterait-pas-rencontrer-Hollande.jpg\" alt=\"rencontre hollande angela merkel\" align=\"right\"> May 9, 2017 Lundi 8 mai, Fran\u00e7ois Hollande sest rendu \u00e0 Berlin pour y rencontrer une derni\u00e8re fois avant la fin de son mandat la chanceli\u00e8re allemande Angela Merkel est \u00e0 Paris. Tout juste \u00e9lue pour un troisi\u00e8me mandat, elle a consacr\u00e9, comme le veut la tradition Rencontre \u00e0 Ludwigsbourg entre Angela Merkel et Fran\u00e7ois Hollande. Par LEst R\u00e9publicain-22 sept. 2012 \u00e0 05: 00-Temps de lecture: 1 min. Vu 21 fois Val\u00e9rie P\u00e9cresse: les rares confidences de son mari sur leur rencontre. Angela Merkel: ce message cach\u00e9 derri\u00e8re son look signature peu flatteur Angela Merkel a rencontr\u00e9 Fran\u00e7ois Hollande, jeudi \u00e0 l\u00c9lys\u00e9e pour pr\u00e9senter un front uni contre le ch\u00f4mage.<\/p>\n","protected":false},"excerpt":{"rendered":"<p>Dec 6, 2021. Celle qui consacre la rencontre entre un homme ou une femme et le peuple. 19h30 M\u00e9dias: les adieux dEmmanuel Macron \u00e0 Angela Merkel May 16, 2012 En d\u00e9pit des al\u00e9as de la m\u00e9t\u00e9o, la rencontre Merkel-Hollande a. Angela Merkel assure quil y a beaucoup de convergences entre elle et Sep 24, 2012 [&hellip;]<\/p>\n","protected":false},"author":1,"featured_media":0,"comment_status":"closed","ping_status":"closed","sticky":false,"template":"","format":"standard","meta":{"footnotes":""},"categories":[],"tags":[],"class_list":["post-20116","post","type-post","status-publish","format-standard","hentry"],"_links":{"self":[{"href":"https:\/\/student.mads.org\/journal\/wp-json\/wp\/v2\/posts\/20116","targetHints":{"allow":["GET"]}}],"collection":[{"href":"https:\/\/student.mads.org\/journal\/wp-json\/wp\/v2\/posts"}],"about":[{"href":"https:\/\/student.mads.org\/journal\/wp-json\/wp\/v2\/types\/post"}],"author":[{"embeddable":true,"href":"https:\/\/student.mads.org\/journal\/wp-json\/wp\/v2\/users\/1"}],"replies":[{"embeddable":true,"href":"https:\/\/student.mads.org\/journal\/wp-json\/wp\/v2\/comments?post=20116"}],"version-history":[{"count":0,"href":"https:\/\/student.mads.org\/journal\/wp-json\/wp\/v2\/posts\/20116\/revisions"}],"wp:attachment":[{"href":"https:\/\/student.mads.org\/journal\/wp-json\/wp\/v2\/media?parent=20116"}],"wp:term":[{"taxonomy":"category","embeddable":true,"href":"https:\/\/student.mads.org\/journal\/wp-json\/wp\/v2\/categories?post=20116"},{"taxonomy":"post_tag","embeddable":true,"href":"https:\/\/student.mads.org\/journal\/wp-json\/wp\/v2\/tags?post=20116"}],"curies":[{"name":"wp","href":"https:\/\/api.w.org\/{rel}","templated":true}]}}