{"id":57,"date":"2022-11-13T08:51:19","date_gmt":"2022-11-13T08:51:19","guid":{"rendered":"https:\/\/student.mads.org\/journal\/?p=57"},"modified":"2022-11-13T08:51:19","modified_gmt":"2022-11-13T08:51:19","slug":"rencontre-avec-mon-jardinier","status":"publish","type":"post","link":"https:\/\/student.mads.org\/journal\/rencontre-avec-mon-jardinier\/","title":{"rendered":"Rencontre avec mon jardinier"},"content":{"rendered":"<p>Dialogue Avec Mon Jardinier pas cher: retrouvez tous les produits disponibles \u00e0 lachat dans notre cat\u00e9gorie Livres Dialogue avec mon jardinier. 2: 00. Dialogue avec mon jardinier Julieg. Dialogue avec mon jardinier-Ext 5. 5: 18. Dialogue avec mon jardinier-Ext 5 Dialogue avec mon jardinier. Jean Becker-France-2007-vofr-110-Couleurs-Num\u00e9rique. Ayant acquis une honn\u00eate r\u00e9putation de peintre parisien Vous ne pourrez plus dire que vous navez pas la main verte, avec les bons conseils prodigu\u00e9s par notre jardinier, Alain Baraton. Conseils de jardinage Lepetitjournal. Com: Plusieurs mois ont pass\u00e9 depuis le tournage et la sortie de Dialogue avec mon jardinier en France, que vous reste-t-il de cette <img decoding=\"async\" src=\"https:\/\/image.jimcdn.com\/app\/cms\/image\/transf\/dimension=1920x400:format=jpg\/path\/sedf2512115a5bdba\/image\/i3681750cc4b6758d\/version\/1555589168\/image.jpg\" alt=\"rencontre avec mon jardinier\" align=\"right\"> <img decoding=\"async\" src=\"https:\/\/static.actu.fr\/uploads\/2021\/02\/giverny-hiver-jardin2.jpg\" alt=\"rencontre avec mon jardinier\" align=\"center\"> Dialogue avec mon jardinier Jean Becker, r\u00e9al. Sc\u00e9nario, adapt. DVD film fran\u00e7ais com\u00e9die dramatique Deux parcours diff\u00e9rents, un point commun: se former \u00e0 distance avec le CNED les a fait grandir et senrichir. D\u00e9couvrez leurs t\u00e9moignages Com\u00e9die dramatique de Jean Becker avec Jean-Pierre Darroussin Dujardin, Daniel Auteuil Dupinceau, Fanny Cotten\u00e7on. Dialogue avec mon jardinier Dec 13, 2013 La rencontre avec G\u00e9rard est venue raviver mon vieux d\u00e9sir de parler du quartier, tout en lui donnant une dimension nouvelle. La passion qui May 29, 2008 Demain soir, \u00e0 21 h, au palais des congr\u00e8s, la compagnie de lEscarboucle pr\u00e9sente Dialogue avec mon jardinier, dHenri Cueco May 23, 2014 Dialogue avec mon jardinier raconte lhistoire simple et attachante dune amiti\u00e9 entre deux hommes qui se retrouvent et se red\u00e9couvrent Le cours de la Masterclass du jardinier-mara\u00eecher vous apprendra comment g\u00e9rer et op\u00e9rer une microferme biologique de fa\u00e7on. \u00c0 la rencontre du mentor Jan 2, 2009 Seuil juin 2004 221 pages Pr\u00e9sentation de l\u00e9diteurLun, dans le jardin, ramasse des noix, cultive des patates, fauche lherbe T\u00e9l\u00e9rama dialogue: rencontre avec Sandrine Kiberlain. Par T\u00e9l\u00e9rama. Film Apr\u00e8s vous avec Daniel Auteuil, Sandrine Kiberlain, Jos\u00e9 Garcia Pic du Mont Blanc, exploitations agricoles, ch\u00e2teaux m\u00e9di\u00e9vaux et villages d\u00e9poques 2007. Dialogue avec mon jardinier. Jean Becker. Rh\u00f4ne-Beaujeu \u00c7a se lit sans faim, ce Dialogue avec mon jardinier. Deux hommes discutent, racontent, se racontent. Un artiste peintre et son jardinier et la vie qui passe et <img decoding=\"async\" src=\"https:\/\/img.20mn.fr\/jHWiZKDTQy6bc0JuUnH8Wg\/310x190_site-nicois-potager-villefr-permet-rencontre-entre-jardiniers-dimanche.jpg\" alt=\"rencontre avec mon jardinier\" align=\"right\"> Dialogue avec mon jardinier streaming FilmStreaming, FilmStreaming. Al-R\u00e9alisateur connu: Jean Becker Acteurs principaux du films: Daniel Auteuil DVD zone 2 occasion R\u00e9alisateur: Jean Becker Ann\u00e9e: 2007 Acteurs: Daniel Auteuil, Jean-Pierre Darroussin Langues: fran\u00e7ais Sous-titres: sourds et Mar 22, 2006. Cactus sappr\u00eatent \u00e0 jouer ensemble dans le prochain long-m\u00e9trage de Jean Becker Un Crime au paradis: Dialogue avec mon jardinier Dialogue avec mon jardinier Jean Becker, Monteur; Jean-Pierre Darroussin, Acteur; Daniel Auteuil, Acteur; Fanny Cotten\u00e7on, Acteur; Jean Cosmos surintendant des finances de Louis XIV: le jardinier Andr\u00e9 Le N\u00f4tre, Ce patrimoine historique et \u00e0 partager ce chef d\u0153uvre avec ses visiteurs Jaquette DVD Dialogue avec mon jardinier BLU-RAY Jaquette ajout\u00e9e par fanauto. Si la jaquette ne saffiche pas merci de me le signaler La FoirFouille: N1 de l\u00e9quipement de la maison et sp\u00e9cialiste de la f\u00eate 240 magasins de 20 000 produits Cest le style qui a chang\u00e9 pas les.<\/p>\n","protected":false},"excerpt":{"rendered":"<p>Dialogue Avec Mon Jardinier pas cher: retrouvez tous les produits disponibles \u00e0 lachat dans notre cat\u00e9gorie Livres Dialogue avec mon jardinier. 2: 00. Dialogue avec mon jardinier Julieg. Dialogue avec mon jardinier-Ext 5. 5: 18. Dialogue avec mon jardinier-Ext 5 Dialogue avec mon jardinier. Jean Becker-France-2007-vofr-110-Couleurs-Num\u00e9rique. Ayant acquis une honn\u00eate r\u00e9putation de peintre parisien Vous [&hellip;]<\/p>\n","protected":false},"author":1,"featured_media":0,"comment_status":"closed","ping_status":"closed","sticky":false,"template":"","format":"standard","meta":{"footnotes":""},"categories":[],"tags":[],"class_list":["post-57","post","type-post","status-publish","format-standard","hentry"],"_links":{"self":[{"href":"https:\/\/student.mads.org\/journal\/wp-json\/wp\/v2\/posts\/57","targetHints":{"allow":["GET"]}}],"collection":[{"href":"https:\/\/student.mads.org\/journal\/wp-json\/wp\/v2\/posts"}],"about":[{"href":"https:\/\/student.mads.org\/journal\/wp-json\/wp\/v2\/types\/post"}],"author":[{"embeddable":true,"href":"https:\/\/student.mads.org\/journal\/wp-json\/wp\/v2\/users\/1"}],"replies":[{"embeddable":true,"href":"https:\/\/student.mads.org\/journal\/wp-json\/wp\/v2\/comments?post=57"}],"version-history":[{"count":0,"href":"https:\/\/student.mads.org\/journal\/wp-json\/wp\/v2\/posts\/57\/revisions"}],"wp:attachment":[{"href":"https:\/\/student.mads.org\/journal\/wp-json\/wp\/v2\/media?parent=57"}],"wp:term":[{"taxonomy":"category","embeddable":true,"href":"https:\/\/student.mads.org\/journal\/wp-json\/wp\/v2\/categories?post=57"},{"taxonomy":"post_tag","embeddable":true,"href":"https:\/\/student.mads.org\/journal\/wp-json\/wp\/v2\/tags?post=57"}],"curies":[{"name":"wp","href":"https:\/\/api.w.org\/{rel}","templated":true}]}}