{"id":593,"date":"2022-11-13T09:37:28","date_gmt":"2022-11-13T09:37:28","guid":{"rendered":"https:\/\/student.mads.org\/journal\/?p=593"},"modified":"2022-11-13T09:37:28","modified_gmt":"2022-11-13T09:37:28","slug":"rencontres-de-l-ecologie-au-quotidien","status":"publish","type":"post","link":"https:\/\/student.mads.org\/journal\/rencontres-de-l-ecologie-au-quotidien\/","title":{"rendered":"Rencontres de l \u00e9cologie au quotidien"},"content":{"rendered":"<p><img decoding=\"async\" src=\"https:\/\/cdn-s-www.leprogres.fr\/images\/57e39363-c581-40a3-a576-188cfb67ee3d\/BES_03\/illustration-le-livre-a-metz-courts-metrages-et-ecologie_1-1648216793.jpg\" alt=\"rencontres de l \u00e9cologie au quotidien\" align=\"left\"> Jan 21, 2016 Lassociation Ecologie au Quotidien organise les 14es Rencontres dEcologie au Quotidien conf\u00e9rencesd\u00e9bats, table ronde, films 20 hours ago Nous nous sommes rencontr\u00e9s avec la CCI Portes de Normandie pour exposer. Au bac5 et formant les jeunes aux m\u00e9tiers de lenvironnement Dec 27, 2018 Conf\u00e9rences, d\u00e9bats aux Rencontres de l\u00e9cologie au quotidien, janvier-f\u00e9vrier 2019. Lieu: Salle Polyvalente Bd du Ballon-Die, France Depuis 2005, lAssociation ECOS d\u00e9veloppe un travail de recherche et dexp\u00e9rimentation pluridisciplinaire, m\u00ealant art, \u00e9cologie urbaine et pratiques. Mar 5, 2017 Les 15\u00e8mes Rencontres de Die. Des citoyen-ne-s, associations organisent un festival de la transition \u00e9cologique sur Die et la Biovall\u00e9e de Site de lAssociation \u00c9cologie au Quotidien du Diois Die-Dr\u00f4me, organisateur des Rencontres de Die Un caf\u00e9 associatif pour des rencontres conviviales et cr\u00e9atives, ; la distribution de paniers de producteurs, ; une grainoth\u00e8que et un jardin partag\u00e9 didactique Sep 28, 2021 20es Rencontres de Die et de la Biovall\u00e9e: 10 jours pour penser la vall\u00e9e de la Dr\u00f4me et le Diois de demain en parlant \u00e9cologie La transition \u00e9cologique, cest au quotidien quelle prend forme. Et localement. Fr\u00e9d\u00e9ric Denhez est parti \u00e0 la rencontre de ces hommes et de ces femmes qui Nous sommes la f\u00e9d\u00e9ration fran\u00e7aise des associations de protection de la nature et de lenvironnement. Ensemble, d\u00e9fendons un monde vivable <img decoding=\"async\" src=\"https:\/\/image.jimcdn.com\/app\/cms\/image\/transf\/none\/path\/sbadcd7d04af20c32\/image\/ib7ec4bfae59da024\/version\/1647370786\/image.jpg\" alt=\"rencontres de l \u00e9cologie au quotidien\" align=\"left\"> Un apr\u00e8s-midi de rencontres et dateliers sur l\u00e9coresponsabilit\u00e9, afin de trouver les cl\u00e9s pour faire \u00e9voluer nos habitudes et notre mode de consommation Rendez-vous avec des experts pour vous sentir bien au quotidien:. Bien-\u00eatre et environnement au travers de nos ateliers et tables rondes Le secr\u00e9taire national dEurope Ecologie Les Verts donnait une conf\u00e9rence \u00e0. La rencontre ASVEL-Nanterre pr\u00e9vue dimanche \u00e0 lAstroballe est report\u00e9e Pour sy retrouver et rendre son quotidien plus responsable, Kaizen a fait le point. ENVIRONNEMENT \u00c9NERGIE. Adopter des r\u00e9flexes plus verts Ecologie et environnement: la sauvegarde la plan\u00e8te-Un dossier pour premettre aux parents de comprendre et dexpliquer l\u00e9cologie \u00e0 leurs enfants <img decoding=\"async\" src=\"https:\/\/image.jimcdn.com\/app\/cms\/image\/transf\/none\/path\/sbadcd7d04af20c32\/image\/ib7ec4bfae59da024\/version\/1647370786\/image.jpg\" alt=\"rencontres de l \u00e9cologie au quotidien\" align=\"left\"> Charg\u00e9e de rencontres et des partenariats. Reporterre, le quotidien de l\u00e9cologie Sept. 2019-juil. 2020 11 mois. R\u00e9gion de Paris, France 8 days ago 17: 50: Rencontre avec Cyril Carabot, secr\u00e9taire g\u00e9n\u00e9ral du Syndicat des. Coorganis\u00e9 par Actu-Environnement et Emploi-Environnement et 1 day ago Recensement agricole 2020 Rencontres de la s\u00e9curit\u00e9 2020. Police de S\u00e9curit\u00e9 du Quotidien: concertation d\u00e9partementale Accueil Ecologie. Les polluants au quotidien. Pouvoir lister tous les polluants chimiques auxquels nous sommes expos\u00e9s serait illusoire mais cet article Le num\u00e9rique facilite \u00e9norm\u00e9ment notre quotidien mais il nest pas sans impact sur lenvironnement. En tant quacteur du num\u00e9rique, chez RED, nous navons.<\/p>\n","protected":false},"excerpt":{"rendered":"<p>Jan 21, 2016 Lassociation Ecologie au Quotidien organise les 14es Rencontres dEcologie au Quotidien conf\u00e9rencesd\u00e9bats, table ronde, films 20 hours ago Nous nous sommes rencontr\u00e9s avec la CCI Portes de Normandie pour exposer. Au bac5 et formant les jeunes aux m\u00e9tiers de lenvironnement Dec 27, 2018 Conf\u00e9rences, d\u00e9bats aux Rencontres de l\u00e9cologie au quotidien, janvier-f\u00e9vrier [&hellip;]<\/p>\n","protected":false},"author":1,"featured_media":0,"comment_status":"closed","ping_status":"closed","sticky":false,"template":"","format":"standard","meta":{"footnotes":""},"categories":[],"tags":[],"class_list":["post-593","post","type-post","status-publish","format-standard","hentry"],"_links":{"self":[{"href":"https:\/\/student.mads.org\/journal\/wp-json\/wp\/v2\/posts\/593","targetHints":{"allow":["GET"]}}],"collection":[{"href":"https:\/\/student.mads.org\/journal\/wp-json\/wp\/v2\/posts"}],"about":[{"href":"https:\/\/student.mads.org\/journal\/wp-json\/wp\/v2\/types\/post"}],"author":[{"embeddable":true,"href":"https:\/\/student.mads.org\/journal\/wp-json\/wp\/v2\/users\/1"}],"replies":[{"embeddable":true,"href":"https:\/\/student.mads.org\/journal\/wp-json\/wp\/v2\/comments?post=593"}],"version-history":[{"count":0,"href":"https:\/\/student.mads.org\/journal\/wp-json\/wp\/v2\/posts\/593\/revisions"}],"wp:attachment":[{"href":"https:\/\/student.mads.org\/journal\/wp-json\/wp\/v2\/media?parent=593"}],"wp:term":[{"taxonomy":"category","embeddable":true,"href":"https:\/\/student.mads.org\/journal\/wp-json\/wp\/v2\/categories?post=593"},{"taxonomy":"post_tag","embeddable":true,"href":"https:\/\/student.mads.org\/journal\/wp-json\/wp\/v2\/tags?post=593"}],"curies":[{"name":"wp","href":"https:\/\/api.w.org\/{rel}","templated":true}]}}