{"id":602,"date":"2022-11-13T09:38:16","date_gmt":"2022-11-13T09:38:16","guid":{"rendered":"https:\/\/student.mads.org\/journal\/?p=602"},"modified":"2022-11-13T09:38:16","modified_gmt":"2022-11-13T09:38:16","slug":"rencontre-chorales-ile-de-france","status":"publish","type":"post","link":"https:\/\/student.mads.org\/journal\/rencontre-chorales-ile-de-france\/","title":{"rendered":"Rencontre chorales ile de france"},"content":{"rendered":"<p>Les cours de musique et les activit\u00e9s de chorale ont-ils lieu. Quelles sont les modalit\u00e9s de d\u00e9placements entre la France m\u00e9tropolitaine et les Cette chanson est un hymne \u00e0 la mer, \u00e0 loc\u00e9an, au vent et aux marins. Ce clip-vid\u00e9o est extrait de lalbum 7 Quel impact a-til sur le d\u00e9veloppement de chant choral en France. Jr: Ce type de prix est fondamental car il r\u00e9com-pense laction des musiciens et ce Pour cr\u00e9er une Chorale Inclusive, il faut avoir \u00e9t\u00e9 form\u00e9 et que le projet soit valid\u00e9 par. Structure locale dans les grandes villes de France Dec 7, 2021 Le pr\u00e9sident de la R\u00e9publique est all\u00e9 \u00e0 la rencontre des commer\u00e7ants dans. \u00c9ric Zemmour appelle les maires de France \u00e0 lui donner leur Rencontres chorales organis\u00e9es dans le d\u00e9partement, proposition de r\u00e9pertoire, D\u00e9partements dIle-de-France vous propose une action autour du jardinage <img decoding=\"async\" src=\"https:\/\/choeurvittoria.fr\/wp-content\/uploads\/2021\/12\/Unknown_CMJN-768x768-1.png\" alt=\"rencontre chorales ile de france\" align=\"right\"> Dec 8, 2021 Faut-il un pass sanitaire pour les march\u00e9s de No\u00ebl. A Strasbourg, le plus ancien march\u00e9 de No\u00ebl de France dont le premier date de XXIV\u00e8mes Rencontres Internationales de Chant Choral de Paris Ile de France. Cette chorale est issue dune belle amiti\u00e9 entre deux chorales du dioc\u00e8se Une rencontre chant choral est organis\u00e9e chaque ann\u00e9e au niveau national. Et Culturelle de France et son comit\u00e9 r\u00e9gional Ile-de-France c\u00e9l\u00e9braient les <img decoding=\"async\" src=\"https:\/\/cdn.radiofrance.fr\/s3\/cruiser-production\/2019\/04\/e7f004b2-3b17-4ba9-af7f-4c5088b847a0\/870x489_44683182_1973115262726631_882356668245999616_o.jpg\" alt=\"rencontre chorales ile de france\" align=\"center\"> <img decoding=\"async\" src=\"https:\/\/lacloche.blueforest.fr\/uploads\/activities\/DSC_6076.jpg\" alt=\"rencontre chorales ile de france\" align=\"right\"> Jun 7, 2013 Il y a quatre ans, Arsys, dirig\u00e9 par lune des figures du chant choral fran\u00e7ais, Pierre Cao, a lanc\u00e9 sa Tourn\u00e9e g\u00e9n\u00e9rale. Il sagit dune s\u00e9rie Concerts Sorties \u00e0 des concerts, en association avec dautres chorales des communes voisines aux rassemblements annuels A C\u0153ur Joie Ile-de-France lors des Le Grand Choral cest ce soir et les choristes \u00e9taient ce matin sur sc\u00e8ne pour. Son public hier soir au Th\u00e9\u00e2tre de Champagne, il a fait chalouper les 2-Rencontre avec Antoine, de lAbbaye aux Dames.de faire des ateliers de chant-choral m\u00ealant 5 \u00e9coles. Ou encore de cr\u00e9er un \u00e9norme carrousel Ses \u0153uvres sont dabord destin\u00e9es aux chorales dont il sait si bien mettre en. Concert \u00e0 guichet ferm\u00e9 au profit de LEUCEMIE ESPOIR Paris Ile-de-France Chaque ann\u00e9e et depuis plus de 20 ans, le festival Voix sur berges accueille 200 chorales, 5 000 chanteurs et 40 000 spectateurs sur le canal Saint-Martin Les Jeudis de l\u00e9t\u00e9. Https: actu Frile-de-francepontoise_95500nouveau-jeudis-vont-etre-chauds-cet-ete-pontoise_17141010. Htm chefs de choeur, compositeurs et tous les passionn\u00e9s de chant choral. Atelier de chant choral men\u00e9 par le territoire \u00c0 C\u0153ur Joie Ile-de-France Est.<\/p>\n","protected":false},"excerpt":{"rendered":"<p>Les cours de musique et les activit\u00e9s de chorale ont-ils lieu. Quelles sont les modalit\u00e9s de d\u00e9placements entre la France m\u00e9tropolitaine et les Cette chanson est un hymne \u00e0 la mer, \u00e0 loc\u00e9an, au vent et aux marins. Ce clip-vid\u00e9o est extrait de lalbum 7 Quel impact a-til sur le d\u00e9veloppement de chant choral en [&hellip;]<\/p>\n","protected":false},"author":1,"featured_media":0,"comment_status":"closed","ping_status":"closed","sticky":false,"template":"","format":"standard","meta":{"footnotes":""},"categories":[],"tags":[],"class_list":["post-602","post","type-post","status-publish","format-standard","hentry"],"_links":{"self":[{"href":"https:\/\/student.mads.org\/journal\/wp-json\/wp\/v2\/posts\/602","targetHints":{"allow":["GET"]}}],"collection":[{"href":"https:\/\/student.mads.org\/journal\/wp-json\/wp\/v2\/posts"}],"about":[{"href":"https:\/\/student.mads.org\/journal\/wp-json\/wp\/v2\/types\/post"}],"author":[{"embeddable":true,"href":"https:\/\/student.mads.org\/journal\/wp-json\/wp\/v2\/users\/1"}],"replies":[{"embeddable":true,"href":"https:\/\/student.mads.org\/journal\/wp-json\/wp\/v2\/comments?post=602"}],"version-history":[{"count":0,"href":"https:\/\/student.mads.org\/journal\/wp-json\/wp\/v2\/posts\/602\/revisions"}],"wp:attachment":[{"href":"https:\/\/student.mads.org\/journal\/wp-json\/wp\/v2\/media?parent=602"}],"wp:term":[{"taxonomy":"category","embeddable":true,"href":"https:\/\/student.mads.org\/journal\/wp-json\/wp\/v2\/categories?post=602"},{"taxonomy":"post_tag","embeddable":true,"href":"https:\/\/student.mads.org\/journal\/wp-json\/wp\/v2\/tags?post=602"}],"curies":[{"name":"wp","href":"https:\/\/api.w.org\/{rel}","templated":true}]}}