{"id":654,"date":"2022-11-13T09:41:51","date_gmt":"2022-11-13T09:41:51","guid":{"rendered":"https:\/\/student.mads.org\/journal\/?p=654"},"modified":"2022-11-13T09:41:51","modified_gmt":"2022-11-13T09:41:51","slug":"les-rencontres-internationales-de-la-photo-arles","status":"publish","type":"post","link":"https:\/\/student.mads.org\/journal\/les-rencontres-internationales-de-la-photo-arles\/","title":{"rendered":"Les rencontres internationales de la photo arles"},"content":{"rendered":"<p>Apr 16, 2021 A Arles, malgr\u00e9 le Covid, les rencontres de la photographie auront bien lieu cet \u00e9t\u00e9. 17h06, le 15 avril 2021, modifi\u00e9 \u00e0 15h23, le 16 avril Jul 19, 2000 Dix-huit expositions sont \u00e0 voir jusqu\u00e0 fin ao\u00fbt aux 31e Rencontres internationales de la photographie <img decoding=\"async\" src=\"https:\/\/pictures.abebooks.com\/inventory\/19580182597.jpg\" alt=\"les rencontres internationales de la photo arles\" align=\"left\"> Pr\u00e9sentation. 42 Edition Les Rencontres Internationales de la Photographie. Depuis 42 ans, et gr\u00e2ce \u00e0 une programmation compos\u00e9e essentiellement de Sep 6, 2019 e d\u00e9changer avec les artistes pr\u00e9sent. Es \u00e0 Arles. Le temps dun \u00e9t\u00e9, la ville dArles vit au rythme de linternational de la photographie et Apr 29, 2020 Coronavirus: les 51e Rencontres internationales de la photographie dArles annul\u00e9es Le c\u00e9l\u00e8bre festival d\u00e9di\u00e9 \u00e0 la photo devait se d\u00e9rouler du <img decoding=\"async\" src=\"https:\/\/www.jds.fr\/medias\/image\/les-rencontres-d-arles-1-169515-600-600-F.jpg\" alt=\"les rencontres internationales de la photo arles\" align=\"left\"> JIMEI X ARLES INTERNATIONAL PHOTO FESTIVAL, XIAMEN, CHINE, 2021 M. Photo: 112 000 visiteurs pour les Rencontres dArles de 2021 Ann\u00e9e scolaireType d\u00e9v\u00e9nements120182019Jours d\u00e9di\u00e9s220182019Concours320182019Op\u00e9rationView 37 more rows <img decoding=\"async\" src=\"https:\/\/www.rencontres-arles.com\/files\/home_block_item_file_53.jpg\" alt=\"les rencontres internationales de la photo arles\" align=\"center\"> MAP Cor\u00e9e du Nord 2017, Travaux des champs Photographie Fine Art print sur papier Hahnem\u00fchle. ARLES I Les Rencontres Internationales de la Photographie Jul 5, 2021 Les Rencontres de la photographie \u00e0 Arles Bouches-du-Rh\u00f4ne ont d\u00e9but\u00e9 dimanche 4 juillet 2021 et se poursuivront jusquau 26 septembre Jul 5, 2021 Le nouveau directeur des Rencontres dArles, Christoph Wiesner, De Paris Photo, la plus grande foire internationale de la photographie Sep 12, 2008 La ville dArles est, depuis la cr\u00e9ation des Rencontres Internationales de la Photographie en 1970, de lEcole Nationale Sup\u00e9rieure de la Aug 8, 2021. Wiesner a pris la t\u00eate des Rencontres de la photographie dArles, Des Rencontres attire un public 40 international, 60 fran\u00e7ais Vendredi 24 mars, suivez en direct \u00e0 partir de 11h la conf\u00e9rence de presse des Rencontres internationales de la photographie dArles 2017 By M Renoue 2013 15 Les Rencontres internationales de la photographie dArles sont. International de photojournalisme, ou du Printemps de la photo de By M Renoue 2013 15 Les Rencontres internationales de la photographie dArles sont. International de photojournalisme, ou du Printemps de la photo de Facult\u00e9 de Sant\u00e9 Facult\u00e9 des Sciences Facult\u00e9 Soci\u00e9t\u00e9s et Humanit\u00e9s Institut de physique du globe de Paris \u00c9tablissement composante Institut Pasteur Jul 12, 2021 Le c\u00e9l\u00e8bre rendez-vous international des amoureux de la photographie, les Rencontres dArles du 4 juillet au 26 septembre, enregistre une Jul 2, 2021 Du 4 juillet au 26 septembre 2021 se d\u00e9rouleront les Rencontres de la Photographie \u00e0 Arles. D\u00e9couvrez les artistes et temps forts \u00e0 ne pas Retour sur cette histoire. Les Rencontres dArles, appel\u00e9es \u00e0 leur origine Rencontres internationales de la photographie, constituent lun des rendez-vous Jul 15, 2021 Les restrictions de voyage devraient toutefois moins peser sur la suite du festival, les visiteurs internationaux ne repr\u00e9sentant habituellement May 5, 2020 Restrictions sur les \u00e9changes et voyages internationaux et difficult\u00e9s \u00e0 produire les expositions annonc\u00e9es dans les d\u00e9lais requis ont.<\/p>\n","protected":false},"excerpt":{"rendered":"<p>Apr 16, 2021 A Arles, malgr\u00e9 le Covid, les rencontres de la photographie auront bien lieu cet \u00e9t\u00e9. 17h06, le 15 avril 2021, modifi\u00e9 \u00e0 15h23, le 16 avril Jul 19, 2000 Dix-huit expositions sont \u00e0 voir jusqu\u00e0 fin ao\u00fbt aux 31e Rencontres internationales de la photographie Pr\u00e9sentation. 42 Edition Les Rencontres Internationales de la [&hellip;]<\/p>\n","protected":false},"author":1,"featured_media":0,"comment_status":"closed","ping_status":"closed","sticky":false,"template":"","format":"standard","meta":{"footnotes":""},"categories":[],"tags":[],"class_list":["post-654","post","type-post","status-publish","format-standard","hentry"],"_links":{"self":[{"href":"https:\/\/student.mads.org\/journal\/wp-json\/wp\/v2\/posts\/654","targetHints":{"allow":["GET"]}}],"collection":[{"href":"https:\/\/student.mads.org\/journal\/wp-json\/wp\/v2\/posts"}],"about":[{"href":"https:\/\/student.mads.org\/journal\/wp-json\/wp\/v2\/types\/post"}],"author":[{"embeddable":true,"href":"https:\/\/student.mads.org\/journal\/wp-json\/wp\/v2\/users\/1"}],"replies":[{"embeddable":true,"href":"https:\/\/student.mads.org\/journal\/wp-json\/wp\/v2\/comments?post=654"}],"version-history":[{"count":0,"href":"https:\/\/student.mads.org\/journal\/wp-json\/wp\/v2\/posts\/654\/revisions"}],"wp:attachment":[{"href":"https:\/\/student.mads.org\/journal\/wp-json\/wp\/v2\/media?parent=654"}],"wp:term":[{"taxonomy":"category","embeddable":true,"href":"https:\/\/student.mads.org\/journal\/wp-json\/wp\/v2\/categories?post=654"},{"taxonomy":"post_tag","embeddable":true,"href":"https:\/\/student.mads.org\/journal\/wp-json\/wp\/v2\/tags?post=654"}],"curies":[{"name":"wp","href":"https:\/\/api.w.org\/{rel}","templated":true}]}}