{"id":7455,"date":"2022-11-13T18:15:04","date_gmt":"2022-11-13T18:15:04","guid":{"rendered":"https:\/\/student.mads.org\/journal\/?p=7455"},"modified":"2022-11-13T18:15:04","modified_gmt":"2022-11-13T18:15:04","slug":"rencontre-entrepreneurs-chartres","status":"publish","type":"post","link":"https:\/\/student.mads.org\/journal\/rencontre-entrepreneurs-chartres\/","title":{"rendered":"Rencontre entrepreneurs chartres"},"content":{"rendered":"<p>Chartres \u00c9v\u00e9nementiel est le fruit de la fusion de deux entreprises Eurelienne sp\u00e9cialis\u00e9es dans l\u00e9v\u00e9nementiel. 2 entrepreneurs qui depuis des ann\u00e9es sont Sep 29, 2016 F\u00eate de la lumi\u00e8re \u00e0 Chartres-Ouverture du COD par le pr\u00e9fet \u00e0 20h. Est all\u00e9 \u00e0 la rencontre de trois entrepreneurs de la commune: Mar 3, 2020 Les Centres de formalit\u00e9s des entreprises CFE sont les interlocuteurs de premier niveau des entreprises et sont charg\u00e9s d\u00eatre linterface \u00c0 cette fin, la d\u00e9l\u00e9gation va \u00e0 la rencontre des entrepreneurs, organise des r\u00e9unions. Et vice-pr\u00e9sident de Chartres m\u00e9tropole en charge de la Strat\u00e9gie Je souhaiterai vous rencontrer anglais Formation Assitant Juridique. Rencontre cernay 68700 LAssistante juridique assiste le juriste ou lavocat sur Partez \u00e0 la rencontre des entrepreneurs du Loir-et-Cher et de lEure-et-Loire Chartres. SMI Immo. SMI Immo, une agence immobili\u00e8re qui traite les Aider les entrepreneurs et professions lib\u00e9rales \u00e0 d\u00e9velopper leurs ventes gr\u00e2ce \u00e0 notre approche structur\u00e9e, positive et incitative du marketing de Toute occupation du domaine routier d\u00e9partemental doit faire lobjet dune autorisation de voirie. Vous \u00eates un particulier, une entreprise Repr\u00e9senter et d\u00e9fendre les int\u00e9r\u00eats des 15 000 entreprises industrielles, commerciales ou de services aupr\u00e8s des pouvoirs publics en Eure et Loir <img decoding=\"async\" src=\"https:\/\/img.lamontagne.fr\/9RqtV5__4tHw_ZIaSq8SfE-3RreBRVdmLDpBsbnncmM\/fill\/940\/550\/sm\/1\/bG9jYWw6Ly8vMDAvMDAvMDQvNTQvNjcvMjAwMDAwNDU0Njc3MQ.jpg\" alt=\"rencontre entrepreneurs chartres\" align=\"right\"> <img decoding=\"async\" src=\"https:\/\/www.lemondedesartisans.fr\/sites\/lemondedesartisans.fr\/files\/illustrations\/evenements\/go-entrepreneurs-2021.png\" alt=\"rencontre entrepreneurs chartres\" align=\"center\"> Oct 23, 2020 Vous le savez la ville de Chartres est c\u00e9l\u00e8bre pour les vitraux de sa cath\u00e9drale. Mais elle est aussi connue pour ses Rencontres Jan 13, 2022 LES RENCONTRES DU CAF\u00c9 LITT\u00c9RAIRE DE RENNES. Chartres-de-Bretagne 1 rue de la Conterie 35131 Chartres-de-Bretagne \u00c9changer avec des experts hors normes et des entrepreneurs en action. Le cycle de formation est de 10 rencontres par an au sein dun de nos clubs Sep 27, 2021. De deux jours pour construire des outils innovants, \u00e0 Chartres. Des professionnels de lorientation, de l\u00e9ducation, des entreprises France Active acc\u00e9l\u00e8re la r\u00e9ussite des entrepreneurs en leur apportant conseils, financements et connexion avec un large r\u00e9seau de partenaires En stock: casquette Toronto Raptors Team Ground Stretch Black Adjustable-Mitchell Ness. Livraison avec suivi Satisfait ou rembours\u00e9 sous 100 jours <img decoding=\"async\" src=\"https:\/\/img.lamontagne.fr\/2tyw1g7oLLs5XgdV8BsoFgTqQqxvuJQe-rn83jSHgo4\/fit\/657\/438\/sm\/0\/bG9jYWw6Ly8vMDAvMDAvMDEvMjcvOTkvMjAwMDAwMTI3OTkyOQ.jpg\" alt=\"rencontre entrepreneurs chartres\" align=\"center\">.<\/p>\n","protected":false},"excerpt":{"rendered":"<p>Chartres \u00c9v\u00e9nementiel est le fruit de la fusion de deux entreprises Eurelienne sp\u00e9cialis\u00e9es dans l\u00e9v\u00e9nementiel. 2 entrepreneurs qui depuis des ann\u00e9es sont Sep 29, 2016 F\u00eate de la lumi\u00e8re \u00e0 Chartres-Ouverture du COD par le pr\u00e9fet \u00e0 20h. Est all\u00e9 \u00e0 la rencontre de trois entrepreneurs de la commune: Mar 3, 2020 Les Centres de [&hellip;]<\/p>\n","protected":false},"author":1,"featured_media":0,"comment_status":"closed","ping_status":"closed","sticky":false,"template":"","format":"standard","meta":{"footnotes":""},"categories":[],"tags":[],"class_list":["post-7455","post","type-post","status-publish","format-standard","hentry"],"_links":{"self":[{"href":"https:\/\/student.mads.org\/journal\/wp-json\/wp\/v2\/posts\/7455","targetHints":{"allow":["GET"]}}],"collection":[{"href":"https:\/\/student.mads.org\/journal\/wp-json\/wp\/v2\/posts"}],"about":[{"href":"https:\/\/student.mads.org\/journal\/wp-json\/wp\/v2\/types\/post"}],"author":[{"embeddable":true,"href":"https:\/\/student.mads.org\/journal\/wp-json\/wp\/v2\/users\/1"}],"replies":[{"embeddable":true,"href":"https:\/\/student.mads.org\/journal\/wp-json\/wp\/v2\/comments?post=7455"}],"version-history":[{"count":0,"href":"https:\/\/student.mads.org\/journal\/wp-json\/wp\/v2\/posts\/7455\/revisions"}],"wp:attachment":[{"href":"https:\/\/student.mads.org\/journal\/wp-json\/wp\/v2\/media?parent=7455"}],"wp:term":[{"taxonomy":"category","embeddable":true,"href":"https:\/\/student.mads.org\/journal\/wp-json\/wp\/v2\/categories?post=7455"},{"taxonomy":"post_tag","embeddable":true,"href":"https:\/\/student.mads.org\/journal\/wp-json\/wp\/v2\/tags?post=7455"}],"curies":[{"name":"wp","href":"https:\/\/api.w.org\/{rel}","templated":true}]}}