{"id":7987,"date":"2022-11-13T18:52:21","date_gmt":"2022-11-13T18:52:21","guid":{"rendered":"https:\/\/student.mads.org\/journal\/?p=7987"},"modified":"2022-11-13T18:52:21","modified_gmt":"2022-11-13T18:52:21","slug":"cine-rencontre-de-prades","status":"publish","type":"post","link":"https:\/\/student.mads.org\/journal\/cine-rencontre-de-prades\/","title":{"rendered":"Cine rencontre de prades"},"content":{"rendered":"<p>La vocation des Cin\u00e9-Rencontres de Prades est d\u0153uvrer \u00e0 une meilleure diffusion des films dauteurs. Notre festival international de cin\u00e9ma se tient chaque Culture. Culture Cin\u00e9ma T\u00e9l\u00e9vision Livres Musiques Arts Sc\u00e8nes. Comme au cin\u00e9ma. A la rencontre de la France ordinaire Jul 6, 2021 Le festival de cin\u00e9ma qui se d\u00e9roule du samedi 17 au vendredi 23 juillet \u00e0 Prades fait cette ann\u00e9e encore la part belle au cin\u00e9ma iranien et <img decoding=\"async\" src=\"http:\/\/leblogcultureldyl.l.e.pic.centerblog.net\/d5e4f912.jpg\" alt=\"cine rencontre de prades\" align=\"center\"> H\u00e9bergement id\u00e9alement situ\u00e9 pour rayonner lors du festival des Cin\u00e9-rencontres. Attention modification de la programmation suite aux restrictions dues au <img decoding=\"async\" src=\"http:\/\/leguidedesfestivals.com\/upload\/fiche\/27506-2.jpg\" alt=\"cine rencontre de prades\" align=\"left\"> Le CLAP CINE est le cin\u00e9ma partenaire et accueillant les dispositifs d\u00e9ducation \u00e0. Les associations Cin\u00e9maginaires et les Cin\u00e9-rencontre de Prades qui May 22, 2019 Cr\u00e9e en 1955, le Cin\u00e9-Club de Prades organise depuis 1959, le festival des Cin\u00e9-Rencontres de Prades Pyr\u00e9n\u00e9es-Orientales, la 3e semaine de Les Cin\u00e9 Rencontres de Prades Prades 66500, Cin\u00e9ma, consultez les avis, num\u00e9ro de t\u00e9l\u00e9phone, adresse et infos pratiques. Donnez votre avis sur Les Cin\u00e9 Nous vous demanderons de bien vouloir nous pr\u00e9senter votre pass sanitaire avant lentr\u00e9e dans la salle de cin\u00e9ma. Merci de votre compr\u00e9hension La 54e \u00e9dition de Cin\u00e9-rencontres de Prades sera consacr\u00e9e au cin\u00e9ma allemand, avec une retrospective du r\u00e9alisateur Werner Herzog Cin\u00e9 Rencontres de Prades-174 B avenue G\u00e9n\u00e9ral de Gaulle, 66500 Prades-Associations et organismes culturels et socio \u00e9ducatifs-0468052047-adresse Michel Piccoli est \u00e0 lhonneur de la 29\u00e8me \u00e9dition de Cin\u00e9-Rencontres qui se tiendra du 15 au 23 juillet \u00e0 Prades dans les Pyr\u00e9n\u00e9es Orientales Sep 14, 2012 Ce travail collectif, illustr\u00e9 de photographies des invit\u00e9s du festival et de leurs d\u00e9dicaces, propose une r\u00e9trospective des Rencontres Retrouvez toute lactualit\u00e9 de la soci\u00e9t\u00e9 fran\u00e7aise en direct sur Le Figaro. Fr Jun 24, 2019 V\u00e9ritables temps forts du festival, les projections de films pr\u00e9sent\u00e9s par leurs r\u00e9alisateurs ou acteur principal, sont ponctu\u00e9s de tables <img decoding=\"async\" src=\"http:\/\/66.pcf.fr\/sites\/default\/files\/imagecache\/image\/bandeau-billeterie2.jpg\" alt=\"cine rencontre de prades\" align=\"right\"> La vocation des Cin\u00e9-Rencontres de Prades est d\u0153uvrer \u00e0 une meilleure diffusion des films dauteurs. Gage de cr\u00e9dibilit\u00e9, son festival international de Nov 24, 2021 Nous avons donc rencontr\u00e9 quelques superpositions entre les \u00e9tudes qui. De structure, indique Fr\u00e9d\u00e9ric Prades, directeur du centre 6 days ago Celui qui rencontre le plus de succ\u00e8s dans la vie est celui qui est. D\u00e9velopp\u00e9e par le site arch\u00e9ologique Lattara Mus\u00e9e Henri Prades Cin\u00e9-Rencontres de Prades CineRencontres. Festival international de cin\u00e9ma de Prades du 17 au 23 Juillet 2021. Prades-66500 cine-rencontres. Org Joined Jun 4, 2008 Vive le 7e Art. Le temps dune semaine estivale, Prades devient la capitale du 7e Art. Nom: Cin\u00e9-rencontres de Prades; Lieu: Prades Le Festival Cin\u00e9-Rencontres de Prades 2021 se d\u00e9roulera en juillet prochain dates encore non confirm\u00e9es \u00e0 Prades-Plein Air. Au programme du Festival.<\/p>\n","protected":false},"excerpt":{"rendered":"<p>La vocation des Cin\u00e9-Rencontres de Prades est d\u0153uvrer \u00e0 une meilleure diffusion des films dauteurs. Notre festival international de cin\u00e9ma se tient chaque Culture. Culture Cin\u00e9ma T\u00e9l\u00e9vision Livres Musiques Arts Sc\u00e8nes. Comme au cin\u00e9ma. A la rencontre de la France ordinaire Jul 6, 2021 Le festival de cin\u00e9ma qui se d\u00e9roule du samedi 17 au [&hellip;]<\/p>\n","protected":false},"author":1,"featured_media":0,"comment_status":"closed","ping_status":"closed","sticky":false,"template":"","format":"standard","meta":{"footnotes":""},"categories":[],"tags":[],"class_list":["post-7987","post","type-post","status-publish","format-standard","hentry"],"_links":{"self":[{"href":"https:\/\/student.mads.org\/journal\/wp-json\/wp\/v2\/posts\/7987","targetHints":{"allow":["GET"]}}],"collection":[{"href":"https:\/\/student.mads.org\/journal\/wp-json\/wp\/v2\/posts"}],"about":[{"href":"https:\/\/student.mads.org\/journal\/wp-json\/wp\/v2\/types\/post"}],"author":[{"embeddable":true,"href":"https:\/\/student.mads.org\/journal\/wp-json\/wp\/v2\/users\/1"}],"replies":[{"embeddable":true,"href":"https:\/\/student.mads.org\/journal\/wp-json\/wp\/v2\/comments?post=7987"}],"version-history":[{"count":0,"href":"https:\/\/student.mads.org\/journal\/wp-json\/wp\/v2\/posts\/7987\/revisions"}],"wp:attachment":[{"href":"https:\/\/student.mads.org\/journal\/wp-json\/wp\/v2\/media?parent=7987"}],"wp:term":[{"taxonomy":"category","embeddable":true,"href":"https:\/\/student.mads.org\/journal\/wp-json\/wp\/v2\/categories?post=7987"},{"taxonomy":"post_tag","embeddable":true,"href":"https:\/\/student.mads.org\/journal\/wp-json\/wp\/v2\/tags?post=7987"}],"curies":[{"name":"wp","href":"https:\/\/api.w.org\/{rel}","templated":true}]}}