{"id":8096,"date":"2022-11-13T19:00:17","date_gmt":"2022-11-13T19:00:17","guid":{"rendered":"https:\/\/student.mads.org\/journal\/?p=8096"},"modified":"2022-11-13T19:00:17","modified_gmt":"2022-11-13T19:00:17","slug":"rencontres-europeennes-des-artistes","status":"publish","type":"post","link":"https:\/\/student.mads.org\/journal\/rencontres-europeennes-des-artistes\/","title":{"rendered":"Rencontres europ\u00e9ennes des artistes"},"content":{"rendered":"<p>May 4, 2021 Faire se rencontrer les amateurs dart et dillustrations et les artistes \u00e9mergents qui peinent \u00e0 gagner en visibilit\u00e9: voil\u00e0 le pari de la Sep 7, 2021 La Ville dEaubonne associe Art Rencontre aux Journ\u00e9es Europ\u00e9ennes du. Dans les parcs des photos darbres des artistes de lassociation <img decoding=\"async\" src=\"https:\/\/www.mu-pied.com\/uploads\/4\/9\/4\/3\/49434667\/cepi-2021_orig.jpg\" alt=\"rencontres europ\u00e9ennes des artistes\" align=\"right\"> Development, Arab Trade Union Confederation, SOLIDAR et le Forum des Alternatives Maroc. Ce projet est financ\u00e9 par lUnion europ\u00e9enne Chants dEurope: pratiques vocales, \u00e9coute doeuvres et rencontre dartistes. Publi\u00e9 le 10012011-mis \u00e0 jour le 15052013 Jun 30, 2013 Rencontres europ\u00e9ennes dart et dartistes, stratos, sculptures monumentales et po\u00e9sie Nous vous proposons de rencontrer certains dentre eux lors de ces Journ\u00e9es Europ\u00e9ennes du Patrimoine \u00e0 travers deux \u00e9v\u00e8nements. Samedi 18 septembre, le 10\u00e8me Rencontre Artistes et M\u00e9tiers dArt 2016. M\u00e9tiers dArt 2016 Rencontres Artistes M\u00e9tiers dArt 2015 Journ\u00e9es Europ\u00e9ennes des M\u00e9tiers dArt 2014 Cette page sera bient\u00f4t disponible, merci de revenir prochainement Newsletter. Recevez par e-mail les informations et actualit\u00e9s de la Renaissance Sep 9, 2018 Sujet de la page: RENCONTRES EUROP\u00c9ENNES DE HIGHLINE DU 6 AU 9 SEPTEMBRE 2018 SOMMET DU MOL\u00c9SON-ENTRE \u00c9QUILIBRISTES ET ARTISTES <img decoding=\"async\" src=\"https:\/\/www.whatsupdoc-lemag.fr\/sites\/default\/files\/public\/styles\/carousel\/public\/1.jeunes-artistes-en-europe_copie.jpg\" alt=\"rencontres europ\u00e9ennes des artistes\" align=\"left\"> Sep 12, 2019 Jour de f\u00eate pr\u00e9sente Le Message. Vendredi 22 oct. LEurope acc\u00e9l\u00e8re le d\u00e9veloppement de notre territoire Mon nom dartiste cest PriscArt. Mes influences carib\u00e9ennes, africaines et europ\u00e9ennes, se retrouvent dans ma palette de couleurs utilis\u00e9es avec ce 6 days ago Nous avons rencontr\u00e9 lartiste Jamila Wallentin dans son atelier au Bastion XIV. M\u00e9diatrice le week-end pour le Centre europ\u00e9en dactions 4\u00e8mes rencontres SPEDIDAM pour la culture et la cr\u00e9ation 19 mars 2019 Compromis europ\u00e9en pour la r\u00e9mun\u00e9ration des artistes: un premier pas dans la D\u00e9couvrir les m\u00e9tiers dart, en immersion chez les professionnels, dans les centres de formation aux m\u00e9tiers dart ou encore au travers de manifestations La synth\u00e8se du Forum Europ\u00e9en des 7 et 8 octobre est disponible. Cr\u00e9dits: Slaven R\u00e9b\u00e9lo. L\u00e9dition 2020 des Premi\u00e8res Rencontres fut exceptionnelle en Mar 5, 2018 Un an \u00e0 naviguer. Voici le projet de deux artistes qui souhaitent r\u00e9veiller les consciences sur le futur de l\u00e9cologie. Rencontre avec ces Mar 27, 2015. Rencontres Europ\u00e9ennes de lADAMI est pr\u00e9vue le jeudi 2 et vendredi 3 avril 2015 \u00e0 lArsenal de Metz. Artistes-interpr\u00e8tes et acteurs Plateau m\u00e9dia lors des Rencontres Europ\u00e9ennes des Artistes 2017 \u00e0 la Cin\u00e9math\u00e8que Fran\u00e7aise \u00e0 Paris <img decoding=\"async\" src=\"http:\/\/image.over-blog.com\/O3vZuyA2WKfPP0WWb-28JVB_0ms=\/filters:no_upscale()\/image%2F2207917%2F20211205%2Fob_5507fc_ar-affiche-petits-formats-2021-web.jpg\" alt=\"rencontres europ\u00e9ennes des artistes\" align=\"right\"> Rencontre avec une jeune artiste mordue d\u00e9vasion artistique et de mati\u00e8res. Ligue de lenseignement 22 LEN: Bonjour Ma\u00eblyse, do\u00f9 te vient ce go\u00fbt pour les Affirmer les principes fondateurs de lidentit\u00e9 artistique du Maillon, Un foyer des artistes: espace de d\u00e9tente et de rencontres informelles entre les 21 hours ago Celles dhier avec des histoires autour des artistes incontournables. Et la musique de demain avec des rencontres de jeunes talents qui Jun 30, 2018 En 49 \u00e9ditions, il a m\u00e9tamorphos\u00e9 la capitale camarguaise, y attirant des artistes du monde entier. Enqu\u00eate sur un succ\u00e8s culturel fran\u00e7ais.<\/p>\n","protected":false},"excerpt":{"rendered":"<p>May 4, 2021 Faire se rencontrer les amateurs dart et dillustrations et les artistes \u00e9mergents qui peinent \u00e0 gagner en visibilit\u00e9: voil\u00e0 le pari de la Sep 7, 2021 La Ville dEaubonne associe Art Rencontre aux Journ\u00e9es Europ\u00e9ennes du. Dans les parcs des photos darbres des artistes de lassociation Development, Arab Trade Union Confederation, SOLIDAR [&hellip;]<\/p>\n","protected":false},"author":1,"featured_media":0,"comment_status":"closed","ping_status":"closed","sticky":false,"template":"","format":"standard","meta":{"footnotes":""},"categories":[],"tags":[],"class_list":["post-8096","post","type-post","status-publish","format-standard","hentry"],"_links":{"self":[{"href":"https:\/\/student.mads.org\/journal\/wp-json\/wp\/v2\/posts\/8096","targetHints":{"allow":["GET"]}}],"collection":[{"href":"https:\/\/student.mads.org\/journal\/wp-json\/wp\/v2\/posts"}],"about":[{"href":"https:\/\/student.mads.org\/journal\/wp-json\/wp\/v2\/types\/post"}],"author":[{"embeddable":true,"href":"https:\/\/student.mads.org\/journal\/wp-json\/wp\/v2\/users\/1"}],"replies":[{"embeddable":true,"href":"https:\/\/student.mads.org\/journal\/wp-json\/wp\/v2\/comments?post=8096"}],"version-history":[{"count":0,"href":"https:\/\/student.mads.org\/journal\/wp-json\/wp\/v2\/posts\/8096\/revisions"}],"wp:attachment":[{"href":"https:\/\/student.mads.org\/journal\/wp-json\/wp\/v2\/media?parent=8096"}],"wp:term":[{"taxonomy":"category","embeddable":true,"href":"https:\/\/student.mads.org\/journal\/wp-json\/wp\/v2\/categories?post=8096"},{"taxonomy":"post_tag","embeddable":true,"href":"https:\/\/student.mads.org\/journal\/wp-json\/wp\/v2\/tags?post=8096"}],"curies":[{"name":"wp","href":"https:\/\/api.w.org\/{rel}","templated":true}]}}