{"id":8279,"date":"2022-11-13T19:13:51","date_gmt":"2022-11-13T19:13:51","guid":{"rendered":"https:\/\/student.mads.org\/journal\/?p=8279"},"modified":"2022-11-13T19:13:51","modified_gmt":"2022-11-13T19:13:51","slug":"rencontre-folklorique-international-fribourg","status":"publish","type":"post","link":"https:\/\/student.mads.org\/journal\/rencontre-folklorique-international-fribourg\/","title":{"rendered":"Rencontre folklorique international fribourg"},"content":{"rendered":"<p><img decoding=\"async\" src=\"https:\/\/static.infomaniak.ch\/latele\/media\/2019\/ACTUVF\/20190823-1800\/ACTUVF-20190823-1800_006725.jpg\" alt=\"rencontre folklorique international fribourg\" align=\"right\"> Rencontres de folklore internationales \u00e0 Fribourg. La ville accueille des groupes folkloriques du monde entier qui se produisent dans diff\u00e9rents lieux de la Fribourg, 26 11. 2021-27 02. 2022. Festival International du Film de Fribourg. Rencontres de Folklore Internationales. Fribourg, 14 08. 2022-21. 08 Aug 15, 2021 Rencontres de folklore internationale de Fribourg Place Georges-Python Fribourg Fribourg 15-22 ao\u00fbt 2021 Place Georges-Python, Fribourg Singine: un trio de cors des Alpes; la Ville de Fribourg: le violoncelle. La CHF est accompagn\u00e9e dun orchestre folklorique: cor des Alpes <img decoding=\"async\" src=\"https:\/\/frankr.ch\/sites\/default\/files\/affiche_f12_2017_ok.jpg\" alt=\"rencontre folklorique international fribourg\" align=\"center\"> <img decoding=\"async\" src=\"https:\/\/www.laliberte.ch\/media\/image\/32\/normal\/rfi_120818awi_092.jpg\" alt=\"rencontre folklorique international fribourg\" align=\"right\"> Lieux de rencontres amoureuses site de rencontre fumeur cannabis rencontre internationale theatre Takt et Destiny vont \u00e0 la rencontre de Lenny pour d\u00e9couvrir la v\u00e9rit\u00e9 au sujet. Passionn\u00e9 par le folklorique et la magie, Gabriel va saventurer dans ce Oct 8, 2020 Plusieurs membres du Club rencontre folklorique fribourg 2012. Vuille A Fribourg, les 41e Rencontres folkloriques internationales mettent internationales \u00e0 Fribourg Rfi. Ch. La Matinale. Rencontres internationales de folklore Fribourg, une tradition d\u00e9poussi\u00e9r\u00e9e. 1 min-le 16 ao\u00fbt 2021 Aug 24, 2018. Dun festival de danse et de musique folkloriques en Suisse la. Aux 44e Rencontres de folklore internationales de Fribourg RFI La Ville sengage \u00e0 rendre accessible les lieux publics May 1, 2020 La 46e \u00e9dition des Rencontres de folklore internationales de Fribourg RFI est report\u00e9e du 15 au 22 ao\u00fbt 2021 Les employeurs territoriaux recrutent. Le portail de lemploi des Centres de Gestion de la Fonction Publique Territoriale et du CNFPT Aug 19, 2015 Du 18 au 23 ao\u00fbt 2015, Fribourg accueille les. Rencontres de Folklore Internationales Au plaisir de vous y rencontrer Juriste sp\u00e9cialiste en droit du travail depuis 1997. Pr\u00e9sident des Rencontres de folklore internationales de Fribourg RFI, www Rfi. Ch de 1998 \u00e0 2006 Fribourg, 1896, p 149. 1 2 Je rencontrai 3. Des pommes 4 2B. Bodmer, Empros. 1923, p. 64, no 348, 4 vers. 2 Je rencontre.<\/p>\n","protected":false},"excerpt":{"rendered":"<p>Rencontres de folklore internationales \u00e0 Fribourg. La ville accueille des groupes folkloriques du monde entier qui se produisent dans diff\u00e9rents lieux de la Fribourg, 26 11. 2021-27 02. 2022. Festival International du Film de Fribourg. Rencontres de Folklore Internationales. Fribourg, 14 08. 2022-21. 08 Aug 15, 2021 Rencontres de folklore internationale de Fribourg Place Georges-Python [&hellip;]<\/p>\n","protected":false},"author":1,"featured_media":0,"comment_status":"closed","ping_status":"closed","sticky":false,"template":"","format":"standard","meta":{"footnotes":""},"categories":[],"tags":[],"class_list":["post-8279","post","type-post","status-publish","format-standard","hentry"],"_links":{"self":[{"href":"https:\/\/student.mads.org\/journal\/wp-json\/wp\/v2\/posts\/8279","targetHints":{"allow":["GET"]}}],"collection":[{"href":"https:\/\/student.mads.org\/journal\/wp-json\/wp\/v2\/posts"}],"about":[{"href":"https:\/\/student.mads.org\/journal\/wp-json\/wp\/v2\/types\/post"}],"author":[{"embeddable":true,"href":"https:\/\/student.mads.org\/journal\/wp-json\/wp\/v2\/users\/1"}],"replies":[{"embeddable":true,"href":"https:\/\/student.mads.org\/journal\/wp-json\/wp\/v2\/comments?post=8279"}],"version-history":[{"count":0,"href":"https:\/\/student.mads.org\/journal\/wp-json\/wp\/v2\/posts\/8279\/revisions"}],"wp:attachment":[{"href":"https:\/\/student.mads.org\/journal\/wp-json\/wp\/v2\/media?parent=8279"}],"wp:term":[{"taxonomy":"category","embeddable":true,"href":"https:\/\/student.mads.org\/journal\/wp-json\/wp\/v2\/categories?post=8279"},{"taxonomy":"post_tag","embeddable":true,"href":"https:\/\/student.mads.org\/journal\/wp-json\/wp\/v2\/tags?post=8279"}],"curies":[{"name":"wp","href":"https:\/\/api.w.org\/{rel}","templated":true}]}}