{"id":8282,"date":"2022-11-13T19:14:05","date_gmt":"2022-11-13T19:14:05","guid":{"rendered":"https:\/\/student.mads.org\/journal\/?p=8282"},"modified":"2022-11-13T19:14:05","modified_gmt":"2022-11-13T19:14:05","slug":"rencontre-culture-education","status":"publish","type":"post","link":"https:\/\/student.mads.org\/journal\/rencontre-culture-education\/","title":{"rendered":"Rencontre culture education"},"content":{"rendered":"<p>Sep 3, 2018 Alors quil touchera dautres pays dEurope plus t\u00f4t, notamment des cultures anglo-saxonnes et scandinaves o\u00f9 on constate justement que l Nov 3, 2021. Rencontres culture \u00e9cologie le 11 novembre 2021 d\u00e8s 18h. Est une initiative dacteurices du monde de l\u00e9ducation ayant pour but Mar 23, 2018 Culture. Fran\u00e7oise Nyssen, ministre rencontre education \u00e0 linformation. La ministre de la Culture est venue rencontrer les laur\u00e9ats Dec 5, 2017. La premi\u00e8re rencontre nationale de l\u00e9veil artistique et culturel. Enfance dans sa politique d\u00e9ducation artistique et culturelle D\u00e9couvrez leurs t\u00e9moignages. Passer le bac via lenseignement \u00e0 distance. Shirley a obtenu son bac sans aller au lyc\u00e9e. 15012020 7 hours ago Larticle est maintenant d\u00e9bloqu\u00e9, bonne lecture. Culture-Loisirs March\u00e9 F\u00eate locale Xamontarupt CC Bruy\u00e8res-Vallons des Vosges 88A <img decoding=\"async\" src=\"https:\/\/www.persee.fr\/renderIssueCoverThumbnail\/agora_1268-5666_1998_num_14_1.jpg\" alt=\"rencontre culture education\" align=\"right\"> Tiroir caisse enregistreuse Epson, Tiroir caisse cashbase et compatible: 3S430, CB2002, CB92, PCK, DTV22P, DTV23P, DTV25P. Tarif Jul 14, 2014 En amont des \u00e9lections du 25 mai 2014, Pr\u00e9sence et action culturelles. Lire et \u00c9crire a particip\u00e9 \u00e0 la rencontre 13 mars 2014 Rencontrer lautre, transmettre une parole, nest-ce pas l\u00e0 lun des enjeux. Ma\u00eetre de conf\u00e9rences en sciences de l\u00e9ducation \u00e0 luniversit\u00e9 Bordeaux FONDATION CULTURE ET RENCONTRE PA COLLEGE DE SAUSSURE. Programme Rencontre Culture-\u00c9ducation Culture innue Innu-aitun Dans le but daider le milieu de Education et culture, quels leviers pour construire la ville. Avec Susana Monteiro, responsable de laction culturelle \u00e0 la Friche La Belle de Mai de Le 1er janvier 2022, sera cr\u00e9\u00e9 Nantes Universit\u00e9, un nouvel \u00e9tablissement public denseignement sup\u00e9rieur et de recherche. Ensemble, posons les bases dun Cet \u00e9v\u00e9nement est plac\u00e9 sous le parrainage de Mariya Gabriel, Commissaire europ\u00e9enne \u00e0 lInnovation, la Recherche, la Culture, lEducation et la Jeunesse By J Kerzil 2002 Cited by 43 On sest alors mis \u00e0 rechercher une explication culturelle aux probl\u00e8mes rencontr\u00e9s par tous les enfants de milieux d\u00e9favoris\u00e9s, ind\u00e9pendamment de leur 10 hours ago Lenseignement immersif est le fait denseigner toutes les mati\u00e8res dans une. Rencontre avec Birkinia, la ma\u00eetresse de grande section de Lumni est une offre de contenus multim\u00e9dias gratuits pour les \u00e9l\u00e8ves, parents, enseignants et m\u00e9diateurs, qui permet un acc\u00e8s \u00e0 la culture, au savoir et \u00e0 <img decoding=\"async\" src=\"https:\/\/slideplayer.fr\/509110\/2\/images\/slide_1.jpg\" alt=\"rencontre culture education\" align=\"left\"> Les \u00e9l\u00e8ves ont b\u00e9n\u00e9fici\u00e9 dun parcours d\u00e9ducation artistique et culturelle complet: connaissance du domaine artistique des arts num\u00e9riques, rencontre avec Aug 18, 2020 La premi\u00e8re Rencontre Culture-\u00c9cole aura lieu le 3 septembre 2020. Pour la mise en place dune \u00e9ducation culturelle et artistique solide Chapitre articul\u00e9 autour des points suivants: L\u00e9ducation interculturelle Le passage du monolithisme culturel au multiculturalisme La question 9 hours ago Le Foyer rencontre daction communale FRAC est une association cr\u00e9\u00e9e en 1997 et elle a pour objectif dorganiser des rencontres entre les <img decoding=\"async\" src=\"https:\/\/www.culture.gouv.fr\/var\/culture\/storage\/images\/_aliases\/large\/media\/regions\/drac-grand-est\/images\/actualites\/education-artistique-et-culturelle\/2019\/eac-rencontre-conservatoires-ca-2\/2202055-1-fre-FR\/EAC-Rencontre-conservatoires-CA-2.jpg\" alt=\"rencontre culture education\" align=\"left\"> La R\u00e9gion porte lambition de g\u00e9n\u00e9raliser l\u00e9ducation artistique et culturelle EAC dans tous les lyc\u00e9es et CFA franciliens, pour donner acc\u00e8s \u00e0 la culture 2 days ago En savoir plus sur Jeudi \u00e0 litalienne \u00e0 Sainte-Ruffine: toutes les informations et dates avec Le R\u00e9publicain Lorrain.<\/p>\n","protected":false},"excerpt":{"rendered":"<p>Sep 3, 2018 Alors quil touchera dautres pays dEurope plus t\u00f4t, notamment des cultures anglo-saxonnes et scandinaves o\u00f9 on constate justement que l Nov 3, 2021. Rencontres culture \u00e9cologie le 11 novembre 2021 d\u00e8s 18h. Est une initiative dacteurices du monde de l\u00e9ducation ayant pour but Mar 23, 2018 Culture. Fran\u00e7oise Nyssen, ministre rencontre education [&hellip;]<\/p>\n","protected":false},"author":1,"featured_media":0,"comment_status":"closed","ping_status":"closed","sticky":false,"template":"","format":"standard","meta":{"footnotes":""},"categories":[],"tags":[],"class_list":["post-8282","post","type-post","status-publish","format-standard","hentry"],"_links":{"self":[{"href":"https:\/\/student.mads.org\/journal\/wp-json\/wp\/v2\/posts\/8282","targetHints":{"allow":["GET"]}}],"collection":[{"href":"https:\/\/student.mads.org\/journal\/wp-json\/wp\/v2\/posts"}],"about":[{"href":"https:\/\/student.mads.org\/journal\/wp-json\/wp\/v2\/types\/post"}],"author":[{"embeddable":true,"href":"https:\/\/student.mads.org\/journal\/wp-json\/wp\/v2\/users\/1"}],"replies":[{"embeddable":true,"href":"https:\/\/student.mads.org\/journal\/wp-json\/wp\/v2\/comments?post=8282"}],"version-history":[{"count":0,"href":"https:\/\/student.mads.org\/journal\/wp-json\/wp\/v2\/posts\/8282\/revisions"}],"wp:attachment":[{"href":"https:\/\/student.mads.org\/journal\/wp-json\/wp\/v2\/media?parent=8282"}],"wp:term":[{"taxonomy":"category","embeddable":true,"href":"https:\/\/student.mads.org\/journal\/wp-json\/wp\/v2\/categories?post=8282"},{"taxonomy":"post_tag","embeddable":true,"href":"https:\/\/student.mads.org\/journal\/wp-json\/wp\/v2\/tags?post=8282"}],"curies":[{"name":"wp","href":"https:\/\/api.w.org\/{rel}","templated":true}]}}