{"id":8284,"date":"2022-11-13T19:14:17","date_gmt":"2022-11-13T19:14:17","guid":{"rendered":"https:\/\/student.mads.org\/journal\/?p=8284"},"modified":"2022-11-13T19:14:17","modified_gmt":"2022-11-13T19:14:17","slug":"premiere-rencontre-sarkozy-merkel","status":"publish","type":"post","link":"https:\/\/student.mads.org\/journal\/premiere-rencontre-sarkozy-merkel\/","title":{"rendered":"Premi\u00e8re rencontre sarkozy merkel"},"content":{"rendered":"<p>May 30, 2017 Depuis leur premi\u00e8re rencontre officielle il y a deux semaines, la pr. Alors que les duos Merkel-Sarkozy et Merkel-Hollande \u00e9taient Sep 24, 2021 ALLEMAGNE D\u00e9part programm\u00e9 pour Angela Merkel. Pour la premi\u00e8re fois en seize ans, la chanceli\u00e8re allemande ne se pr\u00e9sente pas au scrutin <img decoding=\"async\" src=\"https:\/\/images.lanouvellerepublique.fr\/image\/upload\/t_1020w\/58dee82d479a4561008b5fdd.jpg\" alt=\"premi\u00e8re rencontre sarkozy merkel\" align=\"center\"> <img decoding=\"async\" src=\"https:\/\/c8.alamy.com\/compfr\/2e4gemt\/le-premier-ministre-francais-francois-fillon-la-chanceliere-allemande-angela-merkel-le-president-nicolas-sarkozy-et-la-premiere-dame-carla-bruni-sarkozy-assistent-a-l-arc-de-triomphe-a-paris-en-france-le-11-novembre-2009-lors-d-une-ceremonie-de-l-armistice-marquant-le-91eme-anniversaire-de-la-fin-de-la-premiere-guerre-mondiale-photo-de-thierry-orban-abacapress-com-2e4gemt.jpg\" alt=\"premi\u00e8re rencontre sarkozy merkel\" align=\"center\"> May 17, 2007 Le nouveau chef de lEtat fran\u00e7ais, Nicolas Sarkozy, a rencontr\u00e9 mercredi \u00e0 Berlin la chanceli\u00e8re Angela Merkel. Il y a urgence \u00e0 agir pour Il va notamment rencontrer le Premier ministre Viktor Orban, La derni\u00e8re visite, cest celle de Nicolas Sarkozy en 2007, dont le p\u00e8re \u00e9tait dorigine Oct 20, 2011 Nicolas Sarkozy, \u00e0 lissue de sa premi\u00e8re visite \u00e0 la clinique. De retour de Francfort o\u00f9 il avait rencontr\u00e9 Angela Merkel pour pr\u00e9parer <img decoding=\"async\" src=\"https:\/\/media.nouvelobs.com\/ext\/uri\/ureferentiel.nouvelobs.com\/file\/2135434.jpg\" alt=\"premi\u00e8re rencontre sarkozy merkel\" align=\"left\"> Dec 3, 2020 Leur premi\u00e8re rencontre officielle, \u00e0 Colombey-les-Deux-Eglises en 1958, Angela Merkel et Nicolas Sarkozy en 2009 \u00e0 Paris-Cr\u00e9dits Aug 15, 2011 Angela Merkel et Nicolas Sarkozy le 20 juillet 2011. Il d\u00e9jeunera avec le Premier ministre Fran\u00e7ois Fillon avant de recevoir le m\u00eame Nicolas Sarkozy accro aux s\u00e9ries, il d\u00e9voile son rituel quotidien avec Carla Bruni et parle de ses fictions pr\u00e9f\u00e9r\u00e9es VIDEO. Le 11122021 \u00e0 15: 56 par Ce mardi, Nicolas Sarkozy sera \u00e0 Berlin pour y rencontrer la chanceli\u00e8re allemande Angela Merkel. Alors que le quinquennat de Fran\u00e7ois Hollande sest Jan 10, 2012 On peut dire ce mardi, que la premi\u00e8re r\u00e9union de lann\u00e9e entre la chanceli\u00e8re allemande Angela Merkel et le pr\u00e9sident fran\u00e7ais Nicolas Dec 9, 2021 Dimanche 5 d\u00e9cembre, elle \u00e9tait au premier rang du meeting du. Avant sa rencontre avec Eric Zemmour, Sarah Knafo \u00e9tait d\u00e9j\u00e0 proche des May 16, 2007. Nicolas Sarkozy, Pr\u00e9sident de la R\u00e9publique, et Mme Angela Merkel, Puissions nous rencontrer, aujourdhui, lors de ton premier jour Feb 6, 2012 Nicolas Sarkozy et Angela Merkel tiendront une conf\u00e9rence de presse. A moins de 80 jours du premier tour, cette rencontre Merkel-Sarkozy Aug 2, 2020 Selon le JDD, l\u00e9quipe diplomatique de l\u00c9lys\u00e9e travaille sur lhypoth\u00e8se dune rencontre bilat\u00e9rale avec la chanceli\u00e8re allemande \u00e0 Br\u00e9gan\u00e7on May 15, 2017 Comme S\u00e9gol\u00e8ne Royal, il lavait aussi rencontr\u00e9e officiellement durant. Angela Merkel et Nicolas Sarkozy se retrouvent en premi\u00e8re ligne Angela Merkel et Nicolas Sarkozy en 2009. Durant son premier mandat, Angela Merkel jouit dune cote de popularit\u00e9 de plus de 60 dopinions positives, un score Sep 22, 2014 Le Premier ministre fran\u00e7ais attendait beaucoup de sa premi\u00e8re rencontre officielle avec la chanceli\u00e8re. C\u00e9tait sans compter sur.<\/p>\n","protected":false},"excerpt":{"rendered":"<p>May 30, 2017 Depuis leur premi\u00e8re rencontre officielle il y a deux semaines, la pr. Alors que les duos Merkel-Sarkozy et Merkel-Hollande \u00e9taient Sep 24, 2021 ALLEMAGNE D\u00e9part programm\u00e9 pour Angela Merkel. Pour la premi\u00e8re fois en seize ans, la chanceli\u00e8re allemande ne se pr\u00e9sente pas au scrutin May 17, 2007 Le nouveau chef de [&hellip;]<\/p>\n","protected":false},"author":1,"featured_media":0,"comment_status":"closed","ping_status":"closed","sticky":false,"template":"","format":"standard","meta":{"footnotes":""},"categories":[],"tags":[],"class_list":["post-8284","post","type-post","status-publish","format-standard","hentry"],"_links":{"self":[{"href":"https:\/\/student.mads.org\/journal\/wp-json\/wp\/v2\/posts\/8284","targetHints":{"allow":["GET"]}}],"collection":[{"href":"https:\/\/student.mads.org\/journal\/wp-json\/wp\/v2\/posts"}],"about":[{"href":"https:\/\/student.mads.org\/journal\/wp-json\/wp\/v2\/types\/post"}],"author":[{"embeddable":true,"href":"https:\/\/student.mads.org\/journal\/wp-json\/wp\/v2\/users\/1"}],"replies":[{"embeddable":true,"href":"https:\/\/student.mads.org\/journal\/wp-json\/wp\/v2\/comments?post=8284"}],"version-history":[{"count":0,"href":"https:\/\/student.mads.org\/journal\/wp-json\/wp\/v2\/posts\/8284\/revisions"}],"wp:attachment":[{"href":"https:\/\/student.mads.org\/journal\/wp-json\/wp\/v2\/media?parent=8284"}],"wp:term":[{"taxonomy":"category","embeddable":true,"href":"https:\/\/student.mads.org\/journal\/wp-json\/wp\/v2\/categories?post=8284"},{"taxonomy":"post_tag","embeddable":true,"href":"https:\/\/student.mads.org\/journal\/wp-json\/wp\/v2\/tags?post=8284"}],"curies":[{"name":"wp","href":"https:\/\/api.w.org\/{rel}","templated":true}]}}