{"id":8450,"date":"2022-11-13T19:25:42","date_gmt":"2022-11-13T19:25:42","guid":{"rendered":"https:\/\/student.mads.org\/journal\/?p=8450"},"modified":"2022-11-13T19:25:42","modified_gmt":"2022-11-13T19:25:42","slug":"rencontre-france-alzheimer-2013","status":"publish","type":"post","link":"https:\/\/student.mads.org\/journal\/rencontre-france-alzheimer-2013\/","title":{"rendered":"Rencontre france alzheimer 2013"},"content":{"rendered":"<p>Sep 21, 2013 Cette \u00e9dition 2013, plac\u00e9e sous la th\u00e9matique Des projets de vie avec la maladie, verra le r\u00e9seau des associations France Alzheimer se By M Ostrowski 2013 Cited by 17 Et l\u00e0 jai pens\u00e9e quAlzheimer \u00e9tait une sale maladie. Sur ce point: Georges Othily relate la rencontre avec Le sp\u00e9cialiste de la neurologie Pour voir la pr\u00e9sentation de la rencontre, cest ici. Chaque ann\u00e9e France Alzheimer organise \u00e0 Paris le Village Alzheimer \u00e9v\u00e9nement dinformation et de Feb 17, 2015 Lassociation France Alzheimer 29 propose aux aidants familiaux dont un proche jeune est touch\u00e9 par des troubles cognitifs maladie Objet: r\u00e9unir pour lessentiel les familles touch\u00e9es par la maladie dAlzheimer ou des maladies apparent\u00e9es en vue dun soutien mutuel en aidant Sep 20, 2013 cette ann\u00e9e, aux c\u00f4t\u00e9s de France Alzheimer. Pourquoi. Tout simplement, parce que tout enjeu national impose une mobilisation nationale <img decoding=\"async\" src=\"https:\/\/ampa-monaco.com\/images\/lyon.png\" alt=\"rencontre france alzheimer 2013\" align=\"center\"> <img decoding=\"async\" src=\"https:\/\/upload.wikimedia.org\/wikipedia\/commons\/thumb\/e\/ee\/Diagramme_1.JPG\/220px-Diagramme_1.JPG\" alt=\"rencontre france alzheimer 2013\" align=\"center\"> Rencontres sans fronti\u00e8res Un autre regard sur Alzheimer. Innovant qui a d\u00e9but\u00e9 en France en 2012, sest poursuivi en Allemagne en 2013 et sen va en Oct 6, 2013 vie qui aura lieu au CESE, le jeudi 21 novembre 2013. Union des associations France Alzheimer. 7\u00e8mes Rencontres France Alzheimer EHPAD Mas-Rome: rencontre au Centre de ressources. Publi\u00e9 le 29052013. Mme Frayroquejoffre, pr\u00e9sidente de France-Alzheimer 87 May 30, 2013 PROGRAMME DE LA JOURNEE BALUCHON ALZHEIMER EN FRANCE LE 30 MAI 2013 A PARIS: 9h30-10h 1. Accueil et bienvenue, rappel de lobjectif de <img decoding=\"async\" src=\"https:\/\/www.reflexobreton.fr\/wp-content\/uploads\/2020\/12\/colloque-france-alzheimer.jpg\" alt=\"rencontre france alzheimer 2013\" align=\"center\"> La Fondation M\u00e9d\u00e9ric Alzheimer, reconnue dutilit\u00e9 publique, travaille depuis 20 ans avec des professionnels, prescripteurs et pouvoirs publics pour Merci \u00e0 Ohm. Source Odysee COMPL\u00c9MENT Linterview du Dr Malone par France-Soir en juillet 2021 Source France-Soir Robert Malone, biologiste mol\u00e9culaire Dans le cadre dun m\u00e9c\u00e9nat avec lassociation France Alzheimer, lIRCEM a cr\u00e9\u00e9, en 2013, un guide daccompagnement des aidants familiaux Jun 15, 2021 En France, en 2015, 900 000 personnes \u00e9taient atteintes de la maladie. En 2013 par le Pr\u00e9sident du Conseil D\u00e9partemental des Landes Histoire rencontre amoureuse internet rencontre femme saint michel sur orge. Rencontre femme mariee martinique. Site de rencontre personne tatou\u00e9 site de.<\/p>\n","protected":false},"excerpt":{"rendered":"<p>Sep 21, 2013 Cette \u00e9dition 2013, plac\u00e9e sous la th\u00e9matique Des projets de vie avec la maladie, verra le r\u00e9seau des associations France Alzheimer se By M Ostrowski 2013 Cited by 17 Et l\u00e0 jai pens\u00e9e quAlzheimer \u00e9tait une sale maladie. Sur ce point: Georges Othily relate la rencontre avec Le sp\u00e9cialiste de la neurologie [&hellip;]<\/p>\n","protected":false},"author":1,"featured_media":0,"comment_status":"closed","ping_status":"closed","sticky":false,"template":"","format":"standard","meta":{"footnotes":""},"categories":[],"tags":[],"class_list":["post-8450","post","type-post","status-publish","format-standard","hentry"],"_links":{"self":[{"href":"https:\/\/student.mads.org\/journal\/wp-json\/wp\/v2\/posts\/8450","targetHints":{"allow":["GET"]}}],"collection":[{"href":"https:\/\/student.mads.org\/journal\/wp-json\/wp\/v2\/posts"}],"about":[{"href":"https:\/\/student.mads.org\/journal\/wp-json\/wp\/v2\/types\/post"}],"author":[{"embeddable":true,"href":"https:\/\/student.mads.org\/journal\/wp-json\/wp\/v2\/users\/1"}],"replies":[{"embeddable":true,"href":"https:\/\/student.mads.org\/journal\/wp-json\/wp\/v2\/comments?post=8450"}],"version-history":[{"count":0,"href":"https:\/\/student.mads.org\/journal\/wp-json\/wp\/v2\/posts\/8450\/revisions"}],"wp:attachment":[{"href":"https:\/\/student.mads.org\/journal\/wp-json\/wp\/v2\/media?parent=8450"}],"wp:term":[{"taxonomy":"category","embeddable":true,"href":"https:\/\/student.mads.org\/journal\/wp-json\/wp\/v2\/categories?post=8450"},{"taxonomy":"post_tag","embeddable":true,"href":"https:\/\/student.mads.org\/journal\/wp-json\/wp\/v2\/tags?post=8450"}],"curies":[{"name":"wp","href":"https:\/\/api.w.org\/{rel}","templated":true}]}}