{"id":8465,"date":"2022-11-13T19:26:41","date_gmt":"2022-11-13T19:26:41","guid":{"rendered":"https:\/\/student.mads.org\/journal\/?p=8465"},"modified":"2022-11-13T19:26:41","modified_gmt":"2022-11-13T19:26:41","slug":"rencontres-choregraphique","status":"publish","type":"post","link":"https:\/\/student.mads.org\/journal\/rencontres-choregraphique\/","title":{"rendered":"Rencontres chor\u00e9graphique"},"content":{"rendered":"<p>Nov 10, 2016 Rencontres chor\u00e9graphiques transfrontali\u00e8res \u00e0 Limoges. Le chor\u00e9graphe et danseur ici dans nous r\u00e9serve une surprise les 16 et 17 May 24, 2018 Du 16 mai au 16 juin, la danse est \u00e0 lhonneur en Seine-Saint-Denis avec Les Rencontres chor\u00e9graphiques. Entretien avec Anita Mathieu <img decoding=\"async\" src=\"https:\/\/www.saint-witz.fr\/images\/Rencontres_chor\u00e9graphiques_samedi_26_mars.PNG\" alt=\"rencontres chor\u00e9graphique\" align=\"left\"> <img decoding=\"async\" src=\"https:\/\/www.francetvinfo.fr\/pictures\/E2t2_rXCNdGNLOafmgwe3xGlvIY\/752x423\/2019\/04\/12\/vlcsnap-2014-01-27-15h07m30s13.png\" alt=\"rencontres chor\u00e9graphique\" align=\"center\"> Une cr\u00e9ation artistique originale combinant danse contemporaine et chant choral, s\u00e9lectionn\u00e9e le samedi 23 mars aux Rencontres Chor\u00e9graphiques Cette saison, les 300 \u00e9tudiants du PSPBB se produiront sur sc\u00e8ne, appr\u00e9hendant de nouveaux univers, \u00e0 la rencontre des publics. Ils sont les artistes de 21 hours ago Depuis le mois de septembre, Cristina Santucci de la compagnie A Corpo anime des ateliers chor\u00e9graphiques au centre culturel d\u00e9partemental May 14, 2021 Cinq \u00e9l\u00e8ves du conservatoire ont d\u00e9velopp\u00e9 leurs capacit\u00e9s de cr\u00e9ation en pr\u00e9parant l\u00e9tape r\u00e9gionale des Rencontres chor\u00e9graphiques nationales Danse, Spectacle Abonnement. Rencontres chor\u00e9graphiques universitaires de Brest, troisi\u00e8me \u00e9dition Sam. 0406 2022. \u00c0 20h00. Le Mac Orlan Corps et Arts, une journ\u00e9e d\u00e9di\u00e9e aux jeunes chor\u00e9graphes et \u00e0 leur compagnie Sep 25, 2018 Depuis 2007, Fran\u00e7oise Leclercq, cadre sup\u00e9rieure de sant\u00e9 au service de g\u00e9riatrie du Centre Hospitalier de Saint-Quentin Elle suscite chaque jour de nouvelles questions, d\u00e9couvertes et rencontres. Cest certainement aussi lamour du savoir qui vous attire sur Canal Acad\u00e9mies 20 hours ago Chroniques artistiques Rencontres culturelles. La Nuit de Guillaume Barbot librement inspir\u00e9 du film La Nuit du chasseur de Rencontres Chor\u00e9graphiques Jeunes Adultes Voyage Immobile Dipl\u00f4me D\u00e9partemental 2017. Diplome 2017 rencontre r\u00e9gionale voyage May 22, 2019 LES RENCONTRES CHOR\u00c9GRAPHIQUES INTERNATIONALES DE SEINE-SAINT-DENIS. ALICE RIPOLL aCORdo SINA SABERI DAMNOOSH LISA VEREERTBRUGGHEN ADHESION AINSIDANSE LVRN DANSEUR DES RENCONTRES CHOREGRAPHIQUES 2022. Adh\u00e9sion obligatoire-pour chaque danseur participant aux rencontres chor\u00e9graphies 2022 Jun 17, 2019 Festival d\u00e9fricheur d\u00e9di\u00e9 aux \u00e9critures chor\u00e9graphiques contemporaines, les Rencontres chor\u00e9graphiques internationales de Seine-Saint-Denis 2 days ago Rencontres humaines et artistiques. Danses aux influences diverses, stages, rencontres chor\u00e9graphiques et expositions photographiques <img decoding=\"async\" src=\"https:\/\/images.midilibre.fr\/api\/v1\/images\/view\/5cb35a223e4546722c6cb306\/large\/image.jpg\" alt=\"rencontres chor\u00e9graphique\" align=\"left\"> de rencontres sensibles avec la cr\u00e9ation artistique et de r\u00e9flexion sur lart. Qui am\u00e8ne l\u00e9l\u00e8ve \u00e0 conduire un travail chor\u00e9graphique personnel Sep 9, 2021 Chaque ann\u00e9e, la Micro-Folie et le conservatoire de Sevran organisent les Rencontres chor\u00e9graphiques, une soir\u00e9e d\u00e9di\u00e9e \u00e0 la danse sous to Du 17 mai au 22 juin, les Rencontres chor\u00e9graphiques internationales de Seine-Saint-Denis mettront \u00e0 lhonneur des artistes issus de nombreux pays Sep 25, 2018 Depuis 2007, Fran\u00e7oise Leclercq, cadre sup\u00e9rieure de sant\u00e9 au service de g\u00e9riatrie du Centre Hospitalier de Saint-Quentin Jun 9, 2021 Bagnolet Rencontres chor\u00e9graphiques internationales de Seine-Saint-Denis du mercredi 9 juin au dimanche 20 juin \u00e0 Dans les th\u00e9\u00e2tres Sonate pour piano et tiroir-M\u00e9daille dOr aux rencontres chor\u00e9graphiques nationales 2006 \u00e0 Montlu\u00e7on 03 May 18, 2016 Deux spectacles des Rencontres chor\u00e9graphiques internationales de Seine-Saint-Denis sont programm\u00e9s \u00e0 Saint-Denis. Cest la Chaufferie Grand succ\u00e8s du XX\u00e8me si\u00e8cle jou\u00e9 dans le monde entier, ce spectacle original et plein de fougue ira \u00e0 la rencontre du public pour une grande tourn\u00e9e europ\u00e9enne.<\/p>\n","protected":false},"excerpt":{"rendered":"<p>Nov 10, 2016 Rencontres chor\u00e9graphiques transfrontali\u00e8res \u00e0 Limoges. Le chor\u00e9graphe et danseur ici dans nous r\u00e9serve une surprise les 16 et 17 May 24, 2018 Du 16 mai au 16 juin, la danse est \u00e0 lhonneur en Seine-Saint-Denis avec Les Rencontres chor\u00e9graphiques. Entretien avec Anita Mathieu Une cr\u00e9ation artistique originale combinant danse contemporaine et chant [&hellip;]<\/p>\n","protected":false},"author":1,"featured_media":0,"comment_status":"closed","ping_status":"closed","sticky":false,"template":"","format":"standard","meta":{"footnotes":""},"categories":[],"tags":[],"class_list":["post-8465","post","type-post","status-publish","format-standard","hentry"],"_links":{"self":[{"href":"https:\/\/student.mads.org\/journal\/wp-json\/wp\/v2\/posts\/8465","targetHints":{"allow":["GET"]}}],"collection":[{"href":"https:\/\/student.mads.org\/journal\/wp-json\/wp\/v2\/posts"}],"about":[{"href":"https:\/\/student.mads.org\/journal\/wp-json\/wp\/v2\/types\/post"}],"author":[{"embeddable":true,"href":"https:\/\/student.mads.org\/journal\/wp-json\/wp\/v2\/users\/1"}],"replies":[{"embeddable":true,"href":"https:\/\/student.mads.org\/journal\/wp-json\/wp\/v2\/comments?post=8465"}],"version-history":[{"count":0,"href":"https:\/\/student.mads.org\/journal\/wp-json\/wp\/v2\/posts\/8465\/revisions"}],"wp:attachment":[{"href":"https:\/\/student.mads.org\/journal\/wp-json\/wp\/v2\/media?parent=8465"}],"wp:term":[{"taxonomy":"category","embeddable":true,"href":"https:\/\/student.mads.org\/journal\/wp-json\/wp\/v2\/categories?post=8465"},{"taxonomy":"post_tag","embeddable":true,"href":"https:\/\/student.mads.org\/journal\/wp-json\/wp\/v2\/tags?post=8465"}],"curies":[{"name":"wp","href":"https:\/\/api.w.org\/{rel}","templated":true}]}}