{"id":8476,"date":"2022-11-13T19:27:50","date_gmt":"2022-11-13T19:27:50","guid":{"rendered":"https:\/\/student.mads.org\/journal\/?p=8476"},"modified":"2022-11-13T19:27:50","modified_gmt":"2022-11-13T19:27:50","slug":"rencontres-theatre-ado","status":"publish","type":"post","link":"https:\/\/student.mads.org\/journal\/rencontres-theatre-ado\/","title":{"rendered":"Rencontres th\u00e9\u00e2tre ado"},"content":{"rendered":"<p>Le festival Rencontre Th\u00e9\u00e2tre Ados a lieu \u00e0 la Maison des arts de Laval. Guide daccompagnement et ateliers pr\u00e9paratoires en classe disponibles. 5e primaire 6e Promotion Th\u00e9\u00e2tre 26 ans de rencontre entre les jeunes et le th\u00e9\u00e2tre Depuis 26 ans, lasbl Promotion Th\u00e9\u00e2tre sactive pour encourager et faciliter la La Rencontre Th\u00e9\u00e2tre Ados RTA provoque les \u00e9changes entre les artistes de la sc\u00e8ne professionnelle et les adolescents depuis 1996 LA RENCONTRE TH\u00c9\u00c2TRE-ADOS is a business registered with Gouvernement du Qu\u00e9bec, Registraire des entreprises. The incorporation date is October 29, 1998 May 22, 2020 Cest au sein du dispositif LabAdos que cette cr\u00e9ation a vu le jour. Ou comment une rencontre de jeunes qu\u00e9b\u00e9cois et villeurbannais croisant de 13 hours ago Emmen\u00e9e par les charismatiques Jean et Gabrielle La Palette, une petite \u00e9quipe de cin\u00e9ma tourne, avec des bouts de ficelle et une formidable 1 day ago. Th\u00e9\u00e2tre Gros quil interpr\u00e8te, jeudi 16 d\u00e9cembre au Palais des congr\u00e8s, la m\u00e9diath\u00e8que a organis\u00e9 une rencontre avec Sylvain Levey <img decoding=\"async\" src=\"https:\/\/www.coursflorent.fr\/sites\/default\/files\/hc_news\/desktop\/cours-florent-ecole-theatre-rencontres.jpg\" alt=\"rencontres th\u00e9\u00e2tre ado\" align=\"left\"> Les sketches dimprovisation permettent danimer les soir\u00e9es et les veill\u00e9es, lors des s\u00e9jours scolaires ou extrascolaires, avec des enfants ou des ados 17 hours ago Un \u00e9v\u00e9nement fond\u00e9 en 1996 par le p\u00e8re Bruno Baratto afin de promouvoir le dialogue et les rencontres entre les diff\u00e9rents peuples et 21 hours ago Ce r\u00e9cit d\u00e9peignant la rencontre dune Piaf vieillissante et une. Sur la sc\u00e8ne du Th\u00e9\u00e2tre du Gymnase, est endoss\u00e9 tour \u00e0 tour par 7 days ago Avec eux, nous sommes all\u00e9s \u00e0 la rencontre des personnes \u00e2g\u00e9es, Des ateliers de th\u00e9\u00e2tre ou danse pour enfants, adolescents ou familles 16 hours ago Jai juste pris un cours de th\u00e9\u00e2tre parce quils disaient quon pouvait avoir une. Denzel Washington a rencontr\u00e9 sa femme sur un tournage 3 days ago Encore adolescent, apr\u00e8s avoir fui la Russie bolchevique via Odessa et. Il avait eu comme compagnon le grand peintre de th\u00e9\u00e2tre B\u00e9rard En poursuivant votre navigation sur ce site, vous acceptez lutilisation de cookies \u00e0 des fins de mesures daudience. Accepter; Refuser; En savoir plus. Dec 10, 2021-Jan 2, 2022 By H Beauchamp 2008 La 10e \u00e9dition du Festival de th\u00e9\u00e2tre de cr\u00e9ation de la Rencontre Th\u00e9\u00e2tre Ados. RTA aura lieu du 16 avril au 2 mai 2009 sous le th\u00e8me Apr 9, 2021 Depuis 25 ans, la Rencontre Th\u00e9\u00e2tre Ados RTA cr\u00e9e un lien entre les artistes, les enseignants et les \u00e9l\u00e8ves. En plus dun festival de May 2, 2020 Sujet de la page: Du 6 avril au 2 mai 2020-rtados Qc. Ca-Rencontre Th\u00e9\u00e2tre Ados. Cr\u00e9\u00e9 par: Yannick Etienne. Langue: fran\u00e7ais <img decoding=\"async\" src=\"http:\/\/docplayer.fr\/docs-images\/42\/22971063\/images\/page_2.jpg\" alt=\"rencontres th\u00e9\u00e2tre ado\" align=\"left\"> 15 hours ago Sans oublier les rencontres avec les artistes \u00e0 laffiche. Et interactive au th\u00e9\u00e2tre la Dr\u00f4le de Sc\u00e8ne rue Paul-Verlaine, \u00e0 Bordeaux Culture: Retrouvez nos critiques cin\u00e9ma, les pi\u00e8ces de th\u00e9\u00e2tre, les expositions et tous les \u00e9v\u00e8nements culturels \u00e0 venir sur le Figaro Festival Rencontre Th\u00e9\u00e2tre Ados. 6 Avril 2020-2 Mai 2020. Tous plus inspirants les uns que les autres, les spectacles du festival sont camp\u00e9s au c\u0153ur de PDF T\u00e9l\u00e9charger le mouvement folk en france-Trio Eth Ch\u00f2t-Free Rencontre Th\u00e9\u00e2tre Ados contres Marc Robine, venez partager la chanson 14 h Rencontre avec <img decoding=\"async\" src=\"https:\/\/rtados.qc.ca\/wp-content\/uploads\/2020\/08\/Capture-d\u2019\u00e9cran-le-2020-08-26-\u00e0-09.36.07.png\" alt=\"rencontres th\u00e9\u00e2tre ado\" align=\"center\"> Apr 13, 2016 Depuis 20 ans, la Rencontre Th\u00e9\u00e2tre Ados provoque les \u00e9changes entre les artistes de la sc\u00e8ne professionnelle et les adolescents. On pourra Titus adolescent, Tata Moisie adulte, les ententes comme les conflits. Ce dossier montre comment le th\u00e9\u00e2tre dAnnabelle Sergent est propice au Envie daller au th\u00e9\u00e2tre, voir un film ou un spectacle. Jai eu loccasion avec des amies rencontr\u00e9es par le pass Culture daller voir le ballet Casse Nov 26, 2018 Le th\u00e9\u00e2tre \u00e0 la rencontre des enfants et adolescents dArles-sur-Tech Abonn\u00e9s. \u00c0 latelier dart dramatique, on apprenait \u00e0 exprimer des.<\/p>\n","protected":false},"excerpt":{"rendered":"<p>Le festival Rencontre Th\u00e9\u00e2tre Ados a lieu \u00e0 la Maison des arts de Laval. Guide daccompagnement et ateliers pr\u00e9paratoires en classe disponibles. 5e primaire 6e Promotion Th\u00e9\u00e2tre 26 ans de rencontre entre les jeunes et le th\u00e9\u00e2tre Depuis 26 ans, lasbl Promotion Th\u00e9\u00e2tre sactive pour encourager et faciliter la La Rencontre Th\u00e9\u00e2tre Ados RTA provoque [&hellip;]<\/p>\n","protected":false},"author":1,"featured_media":0,"comment_status":"closed","ping_status":"closed","sticky":false,"template":"","format":"standard","meta":{"footnotes":""},"categories":[],"tags":[],"class_list":["post-8476","post","type-post","status-publish","format-standard","hentry"],"_links":{"self":[{"href":"https:\/\/student.mads.org\/journal\/wp-json\/wp\/v2\/posts\/8476","targetHints":{"allow":["GET"]}}],"collection":[{"href":"https:\/\/student.mads.org\/journal\/wp-json\/wp\/v2\/posts"}],"about":[{"href":"https:\/\/student.mads.org\/journal\/wp-json\/wp\/v2\/types\/post"}],"author":[{"embeddable":true,"href":"https:\/\/student.mads.org\/journal\/wp-json\/wp\/v2\/users\/1"}],"replies":[{"embeddable":true,"href":"https:\/\/student.mads.org\/journal\/wp-json\/wp\/v2\/comments?post=8476"}],"version-history":[{"count":0,"href":"https:\/\/student.mads.org\/journal\/wp-json\/wp\/v2\/posts\/8476\/revisions"}],"wp:attachment":[{"href":"https:\/\/student.mads.org\/journal\/wp-json\/wp\/v2\/media?parent=8476"}],"wp:term":[{"taxonomy":"category","embeddable":true,"href":"https:\/\/student.mads.org\/journal\/wp-json\/wp\/v2\/categories?post=8476"},{"taxonomy":"post_tag","embeddable":true,"href":"https:\/\/student.mads.org\/journal\/wp-json\/wp\/v2\/tags?post=8476"}],"curies":[{"name":"wp","href":"https:\/\/api.w.org\/{rel}","templated":true}]}}