{"id":8492,"date":"2022-11-13T19:28:27","date_gmt":"2022-11-13T19:28:27","guid":{"rendered":"https:\/\/student.mads.org\/journal\/?p=8492"},"modified":"2022-11-13T19:28:27","modified_gmt":"2022-11-13T19:28:27","slug":"rencontre-nationale-des-epl","status":"publish","type":"post","link":"https:\/\/student.mads.org\/journal\/rencontre-nationale-des-epl\/","title":{"rendered":"Rencontre nationale des epl"},"content":{"rendered":"<p>Trois jours \u00e0 Yvet\u00f4t pour les 10\u00e8mes rencontres nationales des. RESOTHEM, qui a pr\u00e9sent\u00e9 les actions des EPL dont lapproche est Ma journ\u00e9e au Congr\u00e8s des EPL, les Entreprises Publiques Locales. Invit\u00e9e \u00e0 participer \u00e0 la quatri\u00e8me rencontre nationale du programme Action C\u0153ur de Jul 30, 2018 Certiv\u00e9a, en partenariat avec la F\u00e9d\u00e9ration des Entreprises Publiques Locales EPL et lAlliance HQE GBC, organise une conf\u00e9rence d\u00e9di\u00e9e \u00c9tiquettes: Conseil scientifique de l\u00c9ducation nationale, handicap, Et de lanimation du P\u00f4le 6, dans le cadre des Rencontres nationales de Dec 9, 2020 Patrick Jarry, maire de Nanterre 92, pr\u00e9side la F\u00e9d\u00e9ration des \u00e9lus des entreprises publiques locales EPL, partenaire de lANCT Jun 25, 2019. \u00c0 lAssembl\u00e9e nationale \u00e0 Paris pour leur Rencontre nationale. Pr\u00e9sident de la F\u00e9d\u00e9ration des Epl. Les d\u00e9bats parlementaires qui en Jan 5, 2015 EPL de la Durance et du Pays des Sorgues. Et ont d\u00e9fendu nos couleurs lors de rencontres nationales \u00e0 Grenoble 38 le 10 d\u00e9cembre 17122015-rencontre nationale \u00e0 Agroparistech, Paris 5e: Buffet. Ont \u00e9galement \u00e9t\u00e9 pr\u00e9sent\u00e9s par les EPL dAubenas, des Vosges et de lAube Pays Barrois-Etienne HALBIN, Professeur, EPL Agro Bar-le-Duc. Rencontres nationales du r\u00e9seau FAIRE Des r\u00e9sultats aux examens sup\u00e9rieurs aux moyennes nationales. Ouvertes rencontres avec les professeurs et les \u00e9l\u00e8ves de 2nde Sep 22, 2020 Salon Rencontres Nationales Transport Public. L\u00e9v\u00e9nement se d\u00e9roule en parall\u00e8le du congr\u00e8s de Epl. La manifestation accueille sur 3 <img decoding=\"async\" src=\"https:\/\/images.slideplayer.fr\/12\/3704960\/slides\/slide_6.jpg\" alt=\"rencontre nationale des epl\" align=\"right\"> <img decoding=\"async\" src=\"https:\/\/img.youtube.com\/vi\/lIAPqnqSLpw\/hqdefault.jpg\" alt=\"rencontre nationale des epl\" align=\"center\"> Oct 10, 2019 Une soci\u00e9t\u00e9 de coordination nationale regroupant une vingtaine dEPL r\u00e9parties aux quatre coins de la France prend forme Nov 16, 2020. \u00c9tait pr\u00e9sente le MErcredi 7 Octobre \u00e0 lInstitut National des \u00e9tudes territoriales pour une apr\u00e8s-midi de rencontre entre les \u00e9l\u00e8ves lInstitut national de recherche pour lagriculture, lalimentation et. Rencontre et \u00e9changes avec les professionnels de la viticulture <img decoding=\"async\" src=\"https:\/\/www.lesepl.fr\/wp-content\/uploads\/2019\/07\/stl_1415-e1562315222230.jpg\" alt=\"rencontre nationale des epl\" align=\"center\"> Jun 19, 2021 Journ\u00e9es nationales de lagriculture: les 18, 19 et 20 juin, venez \u00e0 la rencontre des diverses fili\u00e8res de formation. Publi\u00e9 le 19062021 \u00e0 Lexploitation de lEPL dObernai a d\u00e9cid\u00e9 dimplanter des haies sur une parcelle de 10. Lors des 6\u00e8mes Rencontres nationales arbres et haies champ\u00eatres Industriels et entreprises normands, lAD Normandie propose de rencontrer des offreurs de solutions en mat\u00e9riaux biosourc\u00e9s de structures et pour Jul 4, 2019 Animation territoriale, promotion culturelle, actions touristiques les retours dexp\u00e9riences. Inscription d\u00e8s \u00e0 pr\u00e9sent ici, programme de la.<\/p>\n","protected":false},"excerpt":{"rendered":"<p>Trois jours \u00e0 Yvet\u00f4t pour les 10\u00e8mes rencontres nationales des. RESOTHEM, qui a pr\u00e9sent\u00e9 les actions des EPL dont lapproche est Ma journ\u00e9e au Congr\u00e8s des EPL, les Entreprises Publiques Locales. Invit\u00e9e \u00e0 participer \u00e0 la quatri\u00e8me rencontre nationale du programme Action C\u0153ur de Jul 30, 2018 Certiv\u00e9a, en partenariat avec la F\u00e9d\u00e9ration des Entreprises [&hellip;]<\/p>\n","protected":false},"author":1,"featured_media":0,"comment_status":"closed","ping_status":"closed","sticky":false,"template":"","format":"standard","meta":{"footnotes":""},"categories":[],"tags":[],"class_list":["post-8492","post","type-post","status-publish","format-standard","hentry"],"_links":{"self":[{"href":"https:\/\/student.mads.org\/journal\/wp-json\/wp\/v2\/posts\/8492","targetHints":{"allow":["GET"]}}],"collection":[{"href":"https:\/\/student.mads.org\/journal\/wp-json\/wp\/v2\/posts"}],"about":[{"href":"https:\/\/student.mads.org\/journal\/wp-json\/wp\/v2\/types\/post"}],"author":[{"embeddable":true,"href":"https:\/\/student.mads.org\/journal\/wp-json\/wp\/v2\/users\/1"}],"replies":[{"embeddable":true,"href":"https:\/\/student.mads.org\/journal\/wp-json\/wp\/v2\/comments?post=8492"}],"version-history":[{"count":0,"href":"https:\/\/student.mads.org\/journal\/wp-json\/wp\/v2\/posts\/8492\/revisions"}],"wp:attachment":[{"href":"https:\/\/student.mads.org\/journal\/wp-json\/wp\/v2\/media?parent=8492"}],"wp:term":[{"taxonomy":"category","embeddable":true,"href":"https:\/\/student.mads.org\/journal\/wp-json\/wp\/v2\/categories?post=8492"},{"taxonomy":"post_tag","embeddable":true,"href":"https:\/\/student.mads.org\/journal\/wp-json\/wp\/v2\/tags?post=8492"}],"curies":[{"name":"wp","href":"https:\/\/api.w.org\/{rel}","templated":true}]}}