{"id":8561,"date":"2022-11-13T19:33:27","date_gmt":"2022-11-13T19:33:27","guid":{"rendered":"https:\/\/student.mads.org\/journal\/?p=8561"},"modified":"2022-11-13T19:33:27","modified_gmt":"2022-11-13T19:33:27","slug":"rencontre-bamako","status":"publish","type":"post","link":"https:\/\/student.mads.org\/journal\/rencontre-bamako\/","title":{"rendered":"Rencontre bamako"},"content":{"rendered":"<p>Rencontre. Bonjour bonsoir les ch\u00e9ris pr\u00e9f\u00e9r\u00e9 je suis disponible \u00e0 Bamako pour un plan culs. 27 Juillet 2020 BAMAKO 2 days ago Et au menu de la visite du chef dEtat de lex-puissance coloniale au Mali, la clarification de Bamako sur le dossier dune \u00e9ventuelle 2 days ago Les enjeux de la premi\u00e8re rencontre, lundi prochain \u00e0 Bamako, du pr\u00e9sident Macron avec le colonel Assimi Go\u00efta, pr\u00e9sident de la transition <img decoding=\"async\" src=\"https:\/\/loeildelaphotographie.com\/wp-content\/uploads\/2019\/04\/rencontres-de-bamako-biennale-potographie-2019.jpg\" alt=\"rencontre bamako\" align=\"left\"> 3 days ago Elle se tiendra \u00e0 Bamako, et sera loccasion pour les deux dirigeants denclencher une d\u00e9sescalade, apr\u00e8s plusieurs mois de tensions. Le 3 days ago T\u00eate-\u00e0-t\u00eate annonc\u00e9 entre le pr\u00e9sident fran\u00e7ais Emmanuel Macron et son homologue malien, le colonel Assimi Go\u00efta, dans les prochains jours \u00e0 <img decoding=\"async\" src=\"https:\/\/afrikinfos-mali.com\/wp-content\/uploads\/2020\/12\/Reformes-electorales.jpg\" alt=\"rencontre bamako\" align=\"center\"> Jai cr\u00e9\u00e9 un groupe Amour et amiti\u00e9 maintenant on a besoin 20 Filles et 10 gar\u00e7ons pour compl\u00e9ter les effectifs mon WhatsApp22361986485 sil vous pla\u00eet ne <img decoding=\"async\" src=\"https:\/\/www.unodc.org\/images\/westandcentralafrica\/\/Participants_lors_de_la_rencontre_a_Bamako.png\" alt=\"rencontre bamako\" align=\"left\"> Rencontre sexe baise Bamako: Femme cherche homme \u00e0 Bamako. Faites une rencontre plan cul sans lendemain avec une belle sexy fille pr\u00e8s de chez vous 3 days ago Lagence de presse Reuters a r\u00e9v\u00e9l\u00e9 il y a quelques mois que Bamako \u00e9tait proche dun accord avec la soci\u00e9t\u00e9 priv\u00e9e de s\u00e9curit\u00e9 russe pour Loin de fermer les yeux sur les difficult\u00e9s actuelles, la 11e \u00e9dition des Rencontres africaines de la photographie jette au contraire un regard courageux sur la Sep 6, 2019 Les Rencontres de Bamako, 12\u00e8me \u00e9dition de la biennale africaine de la photographie, 25 ans dexistence, du 30 novembre 2019 au 31 janvier Les Rencontres de Bamako, lhistorique biennale de renomm\u00e9e internationale d\u00e9di\u00e9e \u00e0 la photographie et \u00e0 lart vid\u00e9o sur le continent africain, ouvrent dans Rencontre homme ou femme Bamako Rencontre homme Bamako. Femme c\u00e9libataire de 44 ans cherche homme pour rencontre s\u00e9rieuse Oct 24, 2021 Mali: au terme de ses rencontres \u00e0 Bamako, le Conseil de. De presse \u00e0 Bamako, lAmbassadeur du Kenya aupr\u00e8s de lONU, Martin Kimani 3 days ago La rencontre est pr\u00e9vue lundi 20 d\u00e9cembre \u00e0 Bamako, selon des informations de Jeune Afrique, que RFI a pu confirmer aupr\u00e8s de l\u00c9lys\u00e9e Feb 28, 2019 Le ministre d\u00e9l\u00e9gu\u00e9 charg\u00e9 des Marocains r\u00e9sidant \u00e0 l\u00e9tranger et des affaires de la migration, Abdelkrim Benatiq a tenu mardi soir \u00e0 Bamako Nov 13, 2021. Cest Bonaventure Soh Bejeng Ndikung, le commissaire g\u00e9n\u00e9ral des Rencontres de Bamako qui fait un d\u00e9tour par la R\u00e9union, pour animer 3 days ago Ce sera bient\u00f4t chose faite. Selon nos informations, Emmanuel Macron se rendra le 20 d\u00e9cembre \u00e0 Bamako. Il y sera re\u00e7u par le colonel Assimi 20 hours ago Lh\u00f4tel Millenium de Bamako a abrit\u00e9, le lundi 13 d\u00e9cembre 2021, la c\u00e9r\u00e9monie douverture de la r\u00e9union du Comit\u00e9 des Experts pr\u00e9paratoire de la 3 days ago AGENDA. Le chef d\u00c9tat fran\u00e7ais doit rencontrer Assimi Go\u00efta, le pr\u00e9sident de la transition, apr\u00e8s des mois de fortes tensions diplomatiques 3 days ago AGENDA. Le chef d\u00c9tat fran\u00e7ais doit rencontrer Assimi Go\u00efta, le pr\u00e9sident de la transition, apr\u00e8s des mois de fortes tensions diplomatiques 11 hours ago Une rencontre difficile \u00e0 organiser. Paris avait annonc\u00e9 mercredi quEmmanuel Macron devait se rendre lundi \u00e0 Bamako pour une premi\u00e8re rencontre 11 hours ago. Quil devait effectuer au Mali pour rencontrer le pr\u00e9sident de la. \u00c0 Bamako pour une premi\u00e8re rencontre avec le colonel Assimi Go\u00efta.<\/p>\n","protected":false},"excerpt":{"rendered":"<p>Rencontre. Bonjour bonsoir les ch\u00e9ris pr\u00e9f\u00e9r\u00e9 je suis disponible \u00e0 Bamako pour un plan culs. 27 Juillet 2020 BAMAKO 2 days ago Et au menu de la visite du chef dEtat de lex-puissance coloniale au Mali, la clarification de Bamako sur le dossier dune \u00e9ventuelle 2 days ago Les enjeux de la premi\u00e8re rencontre, lundi [&hellip;]<\/p>\n","protected":false},"author":1,"featured_media":0,"comment_status":"closed","ping_status":"closed","sticky":false,"template":"","format":"standard","meta":{"footnotes":""},"categories":[],"tags":[],"class_list":["post-8561","post","type-post","status-publish","format-standard","hentry"],"_links":{"self":[{"href":"https:\/\/student.mads.org\/journal\/wp-json\/wp\/v2\/posts\/8561","targetHints":{"allow":["GET"]}}],"collection":[{"href":"https:\/\/student.mads.org\/journal\/wp-json\/wp\/v2\/posts"}],"about":[{"href":"https:\/\/student.mads.org\/journal\/wp-json\/wp\/v2\/types\/post"}],"author":[{"embeddable":true,"href":"https:\/\/student.mads.org\/journal\/wp-json\/wp\/v2\/users\/1"}],"replies":[{"embeddable":true,"href":"https:\/\/student.mads.org\/journal\/wp-json\/wp\/v2\/comments?post=8561"}],"version-history":[{"count":0,"href":"https:\/\/student.mads.org\/journal\/wp-json\/wp\/v2\/posts\/8561\/revisions"}],"wp:attachment":[{"href":"https:\/\/student.mads.org\/journal\/wp-json\/wp\/v2\/media?parent=8561"}],"wp:term":[{"taxonomy":"category","embeddable":true,"href":"https:\/\/student.mads.org\/journal\/wp-json\/wp\/v2\/categories?post=8561"},{"taxonomy":"post_tag","embeddable":true,"href":"https:\/\/student.mads.org\/journal\/wp-json\/wp\/v2\/tags?post=8561"}],"curies":[{"name":"wp","href":"https:\/\/api.w.org\/{rel}","templated":true}]}}