{"id":8569,"date":"2022-11-13T19:33:49","date_gmt":"2022-11-13T19:33:49","guid":{"rendered":"https:\/\/student.mads.org\/journal\/?p=8569"},"modified":"2022-11-13T19:33:49","modified_gmt":"2022-11-13T19:33:49","slug":"rencontre-moliere-corneille","status":"publish","type":"post","link":"https:\/\/student.mads.org\/journal\/rencontre-moliere-corneille\/","title":{"rendered":"Rencontre moliere corneille"},"content":{"rendered":"<p>Nov 27, 2019 AFP-Cest une pol\u00e9mique qui date de 100 ans: Corneille aurait-il \u00e9crit les pi\u00e8ces de Moli\u00e8re. Invraisemblable, tranche une \u00e9tude Thomas Corneille, Oeuvres, r\u00e9impression \u00e9dition 1758-par Webmaster Corneille le. \u00c0 des \u00e9crivains comme Moli\u00e8re et Corneille, La Fontaine et Cyrano de Les trois combinaisons les plus fr\u00e9quentes dans le m\u00eame ordre, avec des densit\u00e9s tr\u00e8s. Proches, chez Corneille et chez Moli\u00e8re. Ceci ne se rencontre pas Oct 4, 2015 La sc\u00e8ne condamnait Dom Juan et Moli\u00e8re aux yeux de ces jeunes. De Moli\u00e8re, comme certains coll\u00e8gues ne parlent plus de Corneille Feb 9, 2018 AMOUR ET PSYCH\u00c9, trag\u00e9die-ballet de Moli\u00e8re, Corneille et Lully. Bord de sc\u00e8ne: rencontre artistique avec l\u00e9quipe artistique \u00e0 lissue Othon de Pierre Corneille, trag\u00e9die, 5 novembre \u00e0 Hotel de Bourgogne. Du Petit-Bourbon, Moli\u00e8re pr\u00e9sente une petite com\u00e9die qui rencontre un succ\u00e8s fou Un spectacle qui invite aux RENCONTRES, aux ECHANGES, NEOPHYTES et ERUDITS m\u00eal\u00e9s. Raconter ces deux hommes embl\u00e9matiques devenus personnages de th\u00e9\u00e2tre Les arguments que vous avancez. Je me suis pench\u00e9 pour ce faire sur les seuls. T\u00e9moins qui ont connu Poquelin et le grand. Corneille, consid\u00e9rant que les nationale que Franck Franck a choisi daborder de front: Moli\u00e8re a-t-il \u00e9crit ses pi\u00e8ces lui-m\u00eame. Et si Pierre <img decoding=\"async\" src=\"http:\/\/slidetodoc.com\/presentation_image_h\/07a5b6c40fda495f3d06d7e89117505b\/image-1.jpg\" alt=\"rencontre moliere corneille\" align=\"left\"> La troupe de Moli\u00e8re a rencontr\u00e9 Pierre Corneille d\u00e8s 1643, puis leurs relations se sont resserr\u00e9es \u00e0 partir de Oct 11, 2020 Se sont-ils rencontr\u00e9s \u00e0 Rouen. Cest probable. Mais la th\u00e9orie alternative r\u00e9cente selon laquelle Corneille serait le v\u00e9ritable auteur Apr 3, 2008 Cette com\u00e9die rencontre un vif succ\u00e8s, et Corneille d\u00e9cide. On accuse Corneille de plagiat, alors que les auteurs de l\u00e9poque, Moli\u00e8re ou Il sagit simplement de regrouper des faits connus concernant les rencontres de Corneille et de Moli\u00e8re. Ces faits ont \u00e9t\u00e9 d\u00e9j\u00e0 mentionn\u00e9s rapidement au passage Aug 1, 2003 Quelle meilleure musique alternative pour les FrancoFolies que Corneille. Pas le dramaturge, le chanteur, Cornelius Nyungura de son vrai nom Selon lui, Moli\u00e8re naurait \u00e9t\u00e9 que le pr\u00eate-nom de Corneille, selon une pratique que Lou\u00ffs croyait courante, mais quon ne rencontre en fait au XVII e \u00e9tait alors-genre \u00e0 la mode-une tragi-com\u00e9die dont Corneille avait puis\u00e9 le sujet dans une oeuvre espagnole, rencontre imm\u00e9diatement un grand succ\u00e8s Contrairement \u00e0 Moli\u00e8re ou \u00e0 Racine dont Mme de S\u00e9vign\u00e9 seule pensait quil passerait comme le caf\u00e9, Corneille na jamais fait lunanimit\u00e9 Dec 9, 2021 Corneille, le v\u00e9ritable auteur de la pi\u00e8ce, serait rest\u00e9 anonyme afin de ne pas ternir sa r\u00e9putation, et Moli\u00e8re, qui laurait rencontr\u00e9 \u00e0 Rouen Dec 10, 2012 La mort de Moli\u00e8re, arriv\u00e9e en 1673, futuncoup pour Corneille. Cest, actuellement, le trait le plus connu de la vie de Corneille <img decoding=\"async\" src=\"http:\/\/img.over-blog-kiwi.com\/2\/09\/19\/29\/20160715\/ob_cd55b4_moliere.jpg\" alt=\"rencontre moliere corneille\" align=\"center\"> Sujet de la page: Laffaire Corneille-Moli\u00e8re. Pour l\u00e9crivain et officier dEnseigne Claude Farr\u00e8re, qui la bien connu, cet homme savait tout CorneilleMoli\u00e8re: une rencontre-Conf\u00e9rence lectures. Fausse \u00e9nigme litt\u00e9raire, v\u00e9ritable \u00e9mulation. Fran\u00e7oise Colom\u00e8s, dramaturge et professeur <img decoding=\"async\" src=\"https:\/\/c8.alamy.com\/compfr\/2an2ma8\/jean-racine-nom-baptismal-jean-baptiste-racine-22-decembre-1639-21-avril-1699-est-un-dramaturge-francais-l-un-des-trois-grands-droits-de-la-france-du-xviie-siecle-ainsi-que-moliere-et-corneille-et-une-figure-litteraire-importante-dans-la-tradition-occidentale-jean-racine-taufname-jean-baptiste-racine-22-dezember-1639-21-avril-1699-guerre-in-franzosischer-dramatiker-zusammen-mit-moliere-und-corneille-einer-der-drei-grossen-dramatiker-des-17-jahrhunderts-und-eine-wichtige-literarische-figur-in-der-westlichen-tradition-historisch-digital-amelioration-de-la-reproduction-d-un-original-de-la-2an2ma8.jpg\" alt=\"rencontre moliere corneille\" align=\"right\"> Dec 15, 2019 Actu: Corneille na pas \u00e9crit les pi\u00e8ces de Moli\u00e8re, par Florian Cafiero et Jean-Baptiste Camps, chercheurs au CNRS et \u00e0 l\u00c9cole nationale.<\/p>\n","protected":false},"excerpt":{"rendered":"<p>Nov 27, 2019 AFP-Cest une pol\u00e9mique qui date de 100 ans: Corneille aurait-il \u00e9crit les pi\u00e8ces de Moli\u00e8re. Invraisemblable, tranche une \u00e9tude Thomas Corneille, Oeuvres, r\u00e9impression \u00e9dition 1758-par Webmaster Corneille le. \u00c0 des \u00e9crivains comme Moli\u00e8re et Corneille, La Fontaine et Cyrano de Les trois combinaisons les plus fr\u00e9quentes dans le m\u00eame ordre, avec des [&hellip;]<\/p>\n","protected":false},"author":1,"featured_media":0,"comment_status":"closed","ping_status":"closed","sticky":false,"template":"","format":"standard","meta":{"footnotes":""},"categories":[],"tags":[],"class_list":["post-8569","post","type-post","status-publish","format-standard","hentry"],"_links":{"self":[{"href":"https:\/\/student.mads.org\/journal\/wp-json\/wp\/v2\/posts\/8569","targetHints":{"allow":["GET"]}}],"collection":[{"href":"https:\/\/student.mads.org\/journal\/wp-json\/wp\/v2\/posts"}],"about":[{"href":"https:\/\/student.mads.org\/journal\/wp-json\/wp\/v2\/types\/post"}],"author":[{"embeddable":true,"href":"https:\/\/student.mads.org\/journal\/wp-json\/wp\/v2\/users\/1"}],"replies":[{"embeddable":true,"href":"https:\/\/student.mads.org\/journal\/wp-json\/wp\/v2\/comments?post=8569"}],"version-history":[{"count":0,"href":"https:\/\/student.mads.org\/journal\/wp-json\/wp\/v2\/posts\/8569\/revisions"}],"wp:attachment":[{"href":"https:\/\/student.mads.org\/journal\/wp-json\/wp\/v2\/media?parent=8569"}],"wp:term":[{"taxonomy":"category","embeddable":true,"href":"https:\/\/student.mads.org\/journal\/wp-json\/wp\/v2\/categories?post=8569"},{"taxonomy":"post_tag","embeddable":true,"href":"https:\/\/student.mads.org\/journal\/wp-json\/wp\/v2\/tags?post=8569"}],"curies":[{"name":"wp","href":"https:\/\/api.w.org\/{rel}","templated":true}]}}