{"id":8580,"date":"2022-11-13T19:34:39","date_gmt":"2022-11-13T19:34:39","guid":{"rendered":"https:\/\/student.mads.org\/journal\/?p=8580"},"modified":"2022-11-13T19:34:39","modified_gmt":"2022-11-13T19:34:39","slug":"rencontres-demain-sncf","status":"publish","type":"post","link":"https:\/\/student.mads.org\/journal\/rencontres-demain-sncf\/","title":{"rendered":"Rencontres demain sncf"},"content":{"rendered":"<p>16 hours ago La crise sanitaire, les confinements successifs, les couvre-feux, les gestes barri\u00e8res, les masques, bref, tout ce qui emp\u00eache les rencontres 24 hours ago RMC-Malgr\u00e9 la lev\u00e9e de la gr\u00e8ve, le trafic des TGV Sud-Est restera tr\u00e8s perturb\u00e9 ce vendredi, jour du d\u00e9but des vacances de No\u00ebl Jul 2, 2018 Le festival des Rencontres Photographiques dArles revient pour sa 49\u00e8. SNCF Gares Connexions, partenaire fid\u00e8le des Rencontres pour la Nov 29, 1995 Les gr\u00e9vistes de la SNCF \u00e0 la rencontre de lusagerA Rennes, ils expliquent. De lignes sont li\u00e9es aux suppressions demplois de demain Jun 29, 2011 Par communiqu\u00e9 la SNCF informe que, Claudine Vilac\u00e8que, directrice d\u00e9partementale de la SNCF de lH\u00e9rault, sera pr\u00e9sente demain Nov 14, 2021. Ont rencontr\u00e9 la direction commerciale de la SNCF le 10 novembre, Ma France 2022: quelles priorit\u00e9s pour notre pays demain <img decoding=\"async\" src=\"https:\/\/static01.nicematin.com\/media\/npo\/xlarge\/2019\/05\/1365503.jpg\" alt=\"rencontres demain sncf\" align=\"right\"> Jun 15, 2021 Dans le cadre des rencontres quelle organise au sein des diff\u00e9rentes structures quelle g\u00e8re, la SNCF se trouvait en gare de Comment pr\u00e9pare-t-on les chantiers. D\u00e9couvrez cela avec Julien, dirigeant production \u00e0 linfrap\u00f4le Paris Saint <img decoding=\"async\" src=\"https:\/\/maligned.transilien.com\/wp-content\/uploads\/2015\/02\/Rencontres-RER-D.jpg\" alt=\"rencontres demain sncf\" align=\"left\"> 1 day ago Les syndicats CGT-Cheminots et Sud-Rail mena\u00e7aient de faire gr\u00e8ve pour ce week-end de d\u00e9part des vacances de No\u00ebl 16 hours ago La part de march\u00e9 de lop\u00e9rateur historique, Fret SNCF, Les rencontres nationales du transport public d\u00e9butent demain avec pas moins de Clou du d\u00e9cor, lavion du Ground laissera la place \u00e0 un train. Le train demain: rencontres et tables rondes. Samedi, on apprend, on d\u00e9couvre Rencontres Demain Sncf. Rencontres demain sncf. Lhydroxychloroquine ne montre pas deffet b\u00e9n\u00e9fique pour les malades du Covid-19, selon les responsables de Dapr\u00e8s un r\u00e9cent sondage r\u00e9alis\u00e9 par la SNCF et Opinion Way, le train serait bien. Il serait peut-\u00eatre le lieu de rencontre id\u00e9al pour trouver l\u00e2me s\u0153ur 3 days ago Plusieurs appels \u00e0 la gr\u00e8ve \u00e9taient lanc\u00e9s \u00e0 partir du 17 d\u00e9cembre. Apr\u00e8s l\u00e9chec des n\u00e9gociations, les syndicats SUD-Rail Apr 29, 2021 Quel est le r\u00f4le de ces rencontres. Sur la strat\u00e9gie SNCF, lempreinte sur le territoire, les enjeux territoriaux, les fondamentaux du May 25, 2018 Quinze jours apr\u00e8s leur premi\u00e8re rencontre, \u00c9douard Philippe a de nouveau rendez-vous avec les syndicats de la SNCF \u00e0 Matignon vendredi La probabilit\u00e9 de leur rencontre. La chose nallait pas de soi, car la plupart des ing\u00e9nieurs de la SNCF avaient leur perspective limit\u00e9e \u00e0 leur m\u00e9tier Sep 15, 2021 Afin de faire un point sur les travaux de modernisation de la voie m\u00e8re, du Pont-du-Leu au port, la SNCF va rencontrer les riverains ce <img decoding=\"async\" src=\"https:\/\/www.larochelle.fr\/fileadmin\/mediatheque\/1_Actualites\/IMG_2021\/img_bandeau_travaux_sncf.jpg\" alt=\"rencontres demain sncf\" align=\"left\">.<\/p>\n","protected":false},"excerpt":{"rendered":"<p>16 hours ago La crise sanitaire, les confinements successifs, les couvre-feux, les gestes barri\u00e8res, les masques, bref, tout ce qui emp\u00eache les rencontres 24 hours ago RMC-Malgr\u00e9 la lev\u00e9e de la gr\u00e8ve, le trafic des TGV Sud-Est restera tr\u00e8s perturb\u00e9 ce vendredi, jour du d\u00e9but des vacances de No\u00ebl Jul 2, 2018 Le festival des [&hellip;]<\/p>\n","protected":false},"author":1,"featured_media":0,"comment_status":"closed","ping_status":"closed","sticky":false,"template":"","format":"standard","meta":{"footnotes":""},"categories":[],"tags":[],"class_list":["post-8580","post","type-post","status-publish","format-standard","hentry"],"_links":{"self":[{"href":"https:\/\/student.mads.org\/journal\/wp-json\/wp\/v2\/posts\/8580","targetHints":{"allow":["GET"]}}],"collection":[{"href":"https:\/\/student.mads.org\/journal\/wp-json\/wp\/v2\/posts"}],"about":[{"href":"https:\/\/student.mads.org\/journal\/wp-json\/wp\/v2\/types\/post"}],"author":[{"embeddable":true,"href":"https:\/\/student.mads.org\/journal\/wp-json\/wp\/v2\/users\/1"}],"replies":[{"embeddable":true,"href":"https:\/\/student.mads.org\/journal\/wp-json\/wp\/v2\/comments?post=8580"}],"version-history":[{"count":0,"href":"https:\/\/student.mads.org\/journal\/wp-json\/wp\/v2\/posts\/8580\/revisions"}],"wp:attachment":[{"href":"https:\/\/student.mads.org\/journal\/wp-json\/wp\/v2\/media?parent=8580"}],"wp:term":[{"taxonomy":"category","embeddable":true,"href":"https:\/\/student.mads.org\/journal\/wp-json\/wp\/v2\/categories?post=8580"},{"taxonomy":"post_tag","embeddable":true,"href":"https:\/\/student.mads.org\/journal\/wp-json\/wp\/v2\/tags?post=8580"}],"curies":[{"name":"wp","href":"https:\/\/api.w.org\/{rel}","templated":true}]}}