{"id":8608,"date":"2022-11-13T19:35:56","date_gmt":"2022-11-13T19:35:56","guid":{"rendered":"https:\/\/student.mads.org\/journal\/?p=8608"},"modified":"2022-11-13T19:35:56","modified_gmt":"2022-11-13T19:35:56","slug":"rencontre-avec-des-irlandais","status":"publish","type":"post","link":"https:\/\/student.mads.org\/journal\/rencontre-avec-des-irlandais\/","title":{"rendered":"Rencontre avec des irlandais"},"content":{"rendered":"<p>Sep 25, 2018 Par Yves Eudes Lisdoonvarna Irlande, envoy\u00e9 sp\u00e9cial. En septembre, ils venaient \u00e0 Lisdoonvarna \u00e0 la rencontre des familles ais\u00e9es Si elle avait pens\u00e9 le rencontrer ici, ce soir. Pensa-t-elle afflig\u00e9e. Elle \u00e9tait venue au Rainbow pour se distraire avec ses amis, et oublier sa rencontre <img decoding=\"async\" src=\"https:\/\/www.lyc-sand-domont.fr\/wp-content\/uploads\/2015\/07\/19.png\" alt=\"rencontre avec des irlandais\" align=\"right\"> D\u00e9but juin, Enterprise Ireland a organis\u00e9 \u00e0 Lyon un petit d\u00e9jeuner de r\u00e9seautage pour les professionnels irlandais en pr\u00e9sence de S. E Patricia OBrien Mar 20, 2021 Ce samedi apr\u00e8s-midi contre lAngleterre, CJ Stander disputait donc son dernier match avec le maillot Irlandais. En fin de rencontre Jun 28, 2008 Samedi 28 juin sur le cours de la R\u00e9publique. Pour sa deuxi\u00e8me soir\u00e9e au centre-ville, Musiques \u00e0 Gardanne vous emm\u00e8ne en Irlande avec un Mar 15, 2016 A seulement 24 ans, Gavin James sinscrit comme lune des r\u00e9v\u00e9lations musicales de cette ann\u00e9e 2016. Avec un style pop folk port\u00e9 par une No\u00e9mie: Mon s\u00e9jour en Irlande sest super bien pass\u00e9. Jai eu lopportunit\u00e9 de d\u00e9couvrir une nouvelle culture et vivre dans une famille compl\u00e8tement May 17, 2014 Cette saison, en F\u00e9d\u00e9rale 3, le Rugby Chartres M\u00e9tropole sest internationalis\u00e9 avec le Sud-Africain Tom Seabala et deux Irlandais Vendredi 4, 18h: projection Sur la plage de Belfast dHenri-Fran\u00e7ois Humbert, M\u00e9diath\u00e8que du Tilleul, public adulte de vous pr\u00e9senter cette rencontre virtuelle avec lauteure Claire Keegan, 1412 2020 Lundi 14 d\u00e9cembre, 21h heure fran\u00e7aise 20h heure irlandaise Prochain rendez-vous, le tournoi des 6 Nations 2022 avec une rencontre inaugurale contre. Tournoi des 6 Nations match en retard: France 35-27 Irlande 2 days ago Tous les tests Covid pass\u00e9s ce mercredi 15 d\u00e9cembre par le MHR. Irlandais et quil contamine certains joueurs durant la rencontre Pour allier d\u00e9couverte de la culture celte, rencontre avec le peuple irlandais et apprentissage de langlais, programmez un s\u00e9jour linguistique en Irlande Avec Paul Molac d\u00e9put\u00e9 de la circonscription de Ploermel, nous avons rencontr\u00e9 \u00e0 Paris lAmbassadeur dIrlande, Paul Kavanah S\u00e9jour linguistique \u00e0 Dublin m\u00eame. Immersion en famille. En \u00e9t\u00e9: programme international. Cours, sports, loisirs, visites culturelles, rencontres Laissez vos enfants courir \u00e0 la rencontre des moutons nonchalants et prenez la. Si vous souhaitez visiter lIrlande en voiture, commencez par la capitale By W Hutchinson 2002 Cited by 1 Il souligne \u00e9galement comment les demandes des irlandisants ont rencontr\u00e9 un. \u00c0 la fin du si\u00e8cle, d\u00e9cim\u00e9 par la grande famine 1845-1851, lirlandais Les mandats actuels du joueur de 50 ans doivent expirer en juillet, mais des pourparlers ont commenc\u00e9 sur un nouvel accord. Kenny a rencontr\u00e9 le directeur Rencontre avec le photographe irlandais Anthony Haughey. Dans le cadre de lexposition In\u00e9dits au CRP o\u00f9 la s\u00e9rie Home dAnthony Haughey est pr\u00e9sent\u00e9e, le 1 day ago Surtout que la deuxi\u00e8me journ\u00e9e sannon\u00e7ait tout aussi compliqu\u00e9e, avec la r\u00e9ception du Leinster au GGL Stadium. Une rencontre qui naura Jul 30, 2017 Ils se sont rencontr\u00e9s gr\u00e2ce au scoutisme. En Irlande, nous habitons \u00e0 c\u00f4t\u00e9 de Cork, 2\u00e8me ville du pays avec pr\u00e8s de 200 000 habitants. A Mar 8, 2019 A loccasion de la Journ\u00e9e internationale de la femme, et pour c\u00e9l\u00e9brer le 20e anniversaire du Franco-Irish Literary Festival qui mettra <img decoding=\"async\" src=\"https:\/\/i.la-croix.com\/350x250\/smart\/2017\/06\/13\/1100854772\/Pascal-Siobhan-rencontres-1983-Irlande-Ici-avecdeux-enfants-Aoiffe-21-Cian-23-environs-Sligo_0.jpg\" alt=\"rencontre avec des irlandais\" align=\"left\"> <img decoding=\"async\" src=\"https:\/\/www.leparisien.fr\/resizer\/-uvXPXVMVHMlMFRtgixO-xX9SsU=\/932x582\/arc-anglerfish-eu-central-1-prod-leparisien.s3.amazonaws.com\/public\/F5UUF6IDD5BB3SQYXWWACRMHHI.jpg\" alt=\"rencontre avec des irlandais\" align=\"center\"> Apr 12, 2020 DIrlande et de Grande-Bretagne aux Etats-Unis, rencontre avec les Irish Travellers. Bien que souvent consid\u00e9r\u00e9s comme des Gitans, des Roms ou Feb 27, 2019. AMTCN et du Karan Casey Band Irlande, coproduite par la MCNA. Avec 77 musiciens pour le festival La Ni\u00e8vre rencontre lIrlande Cr\u00e9ez votre voyage sur-mesure en Irlande avec une agence locale et. Moments lors de rencontres avec les irlandais en sirotant une Guinness dans les pubs.<\/p>\n","protected":false},"excerpt":{"rendered":"<p>Sep 25, 2018 Par Yves Eudes Lisdoonvarna Irlande, envoy\u00e9 sp\u00e9cial. En septembre, ils venaient \u00e0 Lisdoonvarna \u00e0 la rencontre des familles ais\u00e9es Si elle avait pens\u00e9 le rencontrer ici, ce soir. Pensa-t-elle afflig\u00e9e. Elle \u00e9tait venue au Rainbow pour se distraire avec ses amis, et oublier sa rencontre D\u00e9but juin, Enterprise Ireland a organis\u00e9 \u00e0 [&hellip;]<\/p>\n","protected":false},"author":1,"featured_media":0,"comment_status":"closed","ping_status":"closed","sticky":false,"template":"","format":"standard","meta":{"footnotes":""},"categories":[],"tags":[],"class_list":["post-8608","post","type-post","status-publish","format-standard","hentry"],"_links":{"self":[{"href":"https:\/\/student.mads.org\/journal\/wp-json\/wp\/v2\/posts\/8608","targetHints":{"allow":["GET"]}}],"collection":[{"href":"https:\/\/student.mads.org\/journal\/wp-json\/wp\/v2\/posts"}],"about":[{"href":"https:\/\/student.mads.org\/journal\/wp-json\/wp\/v2\/types\/post"}],"author":[{"embeddable":true,"href":"https:\/\/student.mads.org\/journal\/wp-json\/wp\/v2\/users\/1"}],"replies":[{"embeddable":true,"href":"https:\/\/student.mads.org\/journal\/wp-json\/wp\/v2\/comments?post=8608"}],"version-history":[{"count":0,"href":"https:\/\/student.mads.org\/journal\/wp-json\/wp\/v2\/posts\/8608\/revisions"}],"wp:attachment":[{"href":"https:\/\/student.mads.org\/journal\/wp-json\/wp\/v2\/media?parent=8608"}],"wp:term":[{"taxonomy":"category","embeddable":true,"href":"https:\/\/student.mads.org\/journal\/wp-json\/wp\/v2\/categories?post=8608"},{"taxonomy":"post_tag","embeddable":true,"href":"https:\/\/student.mads.org\/journal\/wp-json\/wp\/v2\/tags?post=8608"}],"curies":[{"name":"wp","href":"https:\/\/api.w.org\/{rel}","templated":true}]}}