{"id":8612,"date":"2022-11-13T19:36:27","date_gmt":"2022-11-13T19:36:27","guid":{"rendered":"https:\/\/student.mads.org\/journal\/?p=8612"},"modified":"2022-11-13T19:36:27","modified_gmt":"2022-11-13T19:36:27","slug":"rencontre-emploi-handicap","status":"publish","type":"post","link":"https:\/\/student.mads.org\/journal\/rencontre-emploi-handicap\/","title":{"rendered":"Rencontre emploi handicap"},"content":{"rendered":"<p>\u00c9claireur sur les mutations de lemploi, Opco EP soutient les 54 branches professionnelles adh\u00e9rentes en mati\u00e8re de gestion pr\u00e9visionnelle des emplois et des <img decoding=\"async\" src=\"https:\/\/www.lilagora.fr\/medias\/image\/136047756050c0c8798c9.jpg\" alt=\"rencontre emploi handicap\" align=\"left\"> 19 hours ago Quel mot associez-vous spontan\u00e9ment au travail social. Dans lanimation et ma rencontre avec des enfants aux parcours de vie compliqu\u00e9s Sep 28, 2020 Mercredi 6 avril, le Premier ministre, Manuel Valls recevait les organisations de jeunesse, mais pas lAssociation nationale des apprentis de 20 hours ago Les \u00e9tudiants de Master 2 Commerce International \u00c9quitable et D\u00e9veloppement CIED et des classes europ\u00e9ennes ont re\u00e7u Bruno Minjauw Jan 16, 2008 Handicap Bordeaux Parce que lint\u00e9gration dans lemploi peut se r\u00e9v\u00e9ler particuli\u00e8rement complexe pour les personnes handicap\u00e9es Nov 21, 2014 Mon handicap entra\u00eene des difficult\u00e9s au travail, que puis-je faire. Javais un m\u00e9tier que je ne peux plus exercer en raison de mes Dans le cadre de la semaine europ\u00e9ennne de lemploi pour les personnes handicap\u00e9es, lentreprise A Raymond a organis\u00e9 une rencontre entre salari\u00e9s du groupe Alumni, ancien \u00e9tudiant, un alumni, ancien \u00e9tudiant, \u00e9tudiant international, lyc\u00e9en, \u00e9tudiant, une entreprise partenaire, un salari\u00e9, demandeur demploi Conflits entre voisins: \u00e0 la rencontre dun m\u00e9diateur. 13 D\u00e9cembre 2021 Sabonner. Emploi et carri\u00e8res Informatique et libert\u00e9s. AUTRES SITES Jan 12, 2016 Pour favoriser linsertion professionnelle des personnes en situation de handicap, Jobekia organise le jeudi 25 f\u00e9vrier une rencontre avec Sep 14, 2021. Sera loccasion pour les candidats de rencontrer dans un m\u00eame lieu, D\u00e9ploy\u00e9s en amont et pendant les Rencontres Emploi Handicap pour Nov 16, 2021 Les Rencontres Emploi Handicap reviennent le 16 novembre 2021. \ufe0f La Maison de lEmploi et ses partenaires organisent les Rencontres 15 hours ago. France Relance: prolongation de laide au recrutement dun salari\u00e9 en situation de handicap BAFA COVID-19: lev\u00e9e de lobligation du Rencontrez les recruteurs dentreprises engag\u00e9es pour le recrutement de personnes en situation de handicap Rencontre du r\u00e9seau handicap de lANEM le 22 janvier 2019. Th\u00e8me: le maintien en emploi des personnes Nov 20, 2013 Une rencontre entre des employeurs du d\u00e9partement et des personnes en situation de handicap. Lobjectif de ce forum est: Acc\u00e8s directs. Inscriptions Candidatures Calendrier universitaire Recrutement Plan des campus Annuaire Suivez-nous. Menu Pied de page Vous \u00eates reconnu travailleur handicap\u00e9 et vous recherchez un emploi sur le territoire Bordelais. Vous ne devriez pas manquer les Rencontres Emploi <img decoding=\"async\" src=\"https:\/\/www.emploi-bordeaux.fr\/wp-content\/uploads\/2021\/11\/TV7-screen1.png\" alt=\"rencontre emploi handicap\" align=\"right\"> Le salon rencontre emploi handicap qui est organis\u00e9 par jobekia se tiendra \u00e0 Strasbourg. Cest loccasion pour les personnes <img decoding=\"async\" src=\"https:\/\/experisfrance.fr\/wp-content\/uploads\/2021\/11\/Poste_RS_1200x627_Experis_mission-handicap.png\" alt=\"rencontre emploi handicap\" align=\"center\"> 1 day ago. De personnes en situation de handicap dans le monde du travail. Que la premi\u00e8re fois que nous nous sommes rencontr\u00e9s en mars 2018 Sep 8, 2021 Dans le cadre de la Semaine pour lEmploi des Personnes Handicap\u00e9es SEEPH, la Maison de lEmploi de Bordeaux, lAGEFIPH et leurs Nov 16, 2021 La Maison de lEmploi et ses partenaires organisent les Rencontres Emploi Handicap REH. Cet \u00e9v\u00e8nement sinscrit dans le cadre de la.<\/p>\n","protected":false},"excerpt":{"rendered":"<p>\u00c9claireur sur les mutations de lemploi, Opco EP soutient les 54 branches professionnelles adh\u00e9rentes en mati\u00e8re de gestion pr\u00e9visionnelle des emplois et des 19 hours ago Quel mot associez-vous spontan\u00e9ment au travail social. Dans lanimation et ma rencontre avec des enfants aux parcours de vie compliqu\u00e9s Sep 28, 2020 Mercredi 6 avril, le Premier ministre, [&hellip;]<\/p>\n","protected":false},"author":1,"featured_media":0,"comment_status":"closed","ping_status":"closed","sticky":false,"template":"","format":"standard","meta":{"footnotes":""},"categories":[],"tags":[],"class_list":["post-8612","post","type-post","status-publish","format-standard","hentry"],"_links":{"self":[{"href":"https:\/\/student.mads.org\/journal\/wp-json\/wp\/v2\/posts\/8612","targetHints":{"allow":["GET"]}}],"collection":[{"href":"https:\/\/student.mads.org\/journal\/wp-json\/wp\/v2\/posts"}],"about":[{"href":"https:\/\/student.mads.org\/journal\/wp-json\/wp\/v2\/types\/post"}],"author":[{"embeddable":true,"href":"https:\/\/student.mads.org\/journal\/wp-json\/wp\/v2\/users\/1"}],"replies":[{"embeddable":true,"href":"https:\/\/student.mads.org\/journal\/wp-json\/wp\/v2\/comments?post=8612"}],"version-history":[{"count":0,"href":"https:\/\/student.mads.org\/journal\/wp-json\/wp\/v2\/posts\/8612\/revisions"}],"wp:attachment":[{"href":"https:\/\/student.mads.org\/journal\/wp-json\/wp\/v2\/media?parent=8612"}],"wp:term":[{"taxonomy":"category","embeddable":true,"href":"https:\/\/student.mads.org\/journal\/wp-json\/wp\/v2\/categories?post=8612"},{"taxonomy":"post_tag","embeddable":true,"href":"https:\/\/student.mads.org\/journal\/wp-json\/wp\/v2\/tags?post=8612"}],"curies":[{"name":"wp","href":"https:\/\/api.w.org\/{rel}","templated":true}]}}