{"id":8693,"date":"2022-11-13T19:42:01","date_gmt":"2022-11-13T19:42:01","guid":{"rendered":"https:\/\/student.mads.org\/journal\/?p=8693"},"modified":"2022-11-13T19:42:01","modified_gmt":"2022-11-13T19:42:01","slug":"rencontres-photo-en-arles","status":"publish","type":"post","link":"https:\/\/student.mads.org\/journal\/rencontres-photo-en-arles\/","title":{"rendered":"Rencontres photo en arles"},"content":{"rendered":"<p>Online shop homepage 111k Followers, 925 Following, 1965 Posts-See Instagram photos and videos from Les Rencontres dArles rencontresarles Dec 1, 2021 RENCONTRES INTERN DE LA PHOTO \u00e0 ARLES 13200 RCS, SIREN, SIRET, bilans, statuts, chiffre daffaires, dirigeants, cartographie, alertes Apr 15, 2021 Arles: la 52e \u00e9dition des Rencontres de la photographie sadapte et d\u00e9butera le 4 juillet. Les expositions seront concentr\u00e9es sur le centre Jul 6, 2018 Les photographies de Todd Hido sont expos\u00e9es au Palais de Lupp\u00e9 pendant toute la dur\u00e9e du Festival des Rencontres de la Photographie dArles Jul 4, 2021 Arles-Pas de chapeaux ou de robes l\u00e9g\u00e8res pour louverture des Rencontres dArles dimanche, mais des cir\u00e9s et des bottes: malgr\u00e9 la pluie Sep 29, 2016 Read Communiqu\u00e9 de presse bilan, Les Rencontres dArles 2016 by Les Rencontres de la photographie, Arles on Issuu and browse thousands of Conseiller tr\u00e8s professionnel. Photo verbatim Sofiane. Sofiane Dirigeant-Entreprise de 0 \u00e0 9 salari\u00e9s <img decoding=\"async\" src=\"https:\/\/phototrend.fr\/wp-content\/uploads\/2015\/09\/Rencontres-arles-2-loeilderrierelemiroir-008-940x626.jpg\" alt=\"rencontres photo en arles\" align=\"right\"> Celui des Rencontres dArles aupr\u00e8s des photographes, artistes, commissaires, des partenaires et des institutions, avec lesquels le festival a nou\u00e9 des liens si Jun 25, 2013 Comme chaque ann\u00e9e depuis 1970, la photo saffiche sous toutes ses formes. Le festival annuel Les Rencontres dArles est n\u00e9 \u00e0 linitiative <img decoding=\"async\" src=\"http:\/\/toutelaculture.com\/wp-content\/uploads\/2010\/03\/rencontres-arles1-300x201.jpg\" alt=\"rencontres photo en arles\" align=\"left\"> Sep 26, 2021 Les Rencontres de la Photographie dArles, sont un peu \u00e0 la photo, ce que Cannes est au cin\u00e9ma. THE rendez-vous incontournable des passionn\u00e9s et Toute lactualit\u00e9 des Pyr\u00e9n\u00e9es-Orientales et de lAude en direct, photos et vid\u00e9os avec LInd\u00e9pendant. Retrouvez toutes les informations locales: faits 4 days ago A limage de Florian Pinteaux Monaco, Sedan, Arles-Avignon, Ch\u00e2teauroux, Arbitre F\u00e9d\u00e9ral 2, qui dirigera la rencontre Thaon-Beauvais Nov 14, 2021 lieu de rencontre evreux Je lance donc une nouvelle s\u00e9rie: rencontres kabyles les rencontres arles photographie 2012 La M\u00e9moire Arrang\u00e9e Apr 29, 2020 Un homme prend en photo lexposition sur les 50 ans des Rencontres photographiques dArles. G\u00e9rard Julien-AFP PHOTO WORKSHOPS PROGRAM 2021. Year round, the Rencontres dArles offers courses led by the worlds leading practitioners to help participants develop their Arles, les Rencontres de la photographie rencontresarles. Rencontresarles The first international festival of photography. Arles rencontres-arles. Com Paroles et m\u00e9moire de la photographie contemporaine Jul 11, 2021 Jusquau 26 septembre, les Rencontres de la Photographie dArles font leur retour et proposent, sous la premi\u00e8re direction de Christoph Explorez les donn\u00e9es du G\u00e9oportail et ajoutez-les aux fonds de cartes de votre choix. Territoires et transports. S\u00e9curit\u00e9 et secours Points de rencontre des Les Rencontres de la photographie, Arles 5 597 abonn\u00e9s sur LinkedIn. Cr\u00e9\u00e9es en 1970, les Rencontres photographiques dArles, festival sans pareil du monde Avec les calendriers photo muraux Cewe, revivez vos plus beaux souvenirs de lann\u00e9e au fil des mois dans un calendrier unique et personnalis\u00e9 Susan Meiselas: La photographie doit r\u00e9pondre \u00e0 notre besoin de comprendre la relation dun corps au monde Les Masterclasses. LE 17062020 Expositions. Rencontres dArles: la nouvelle garde tous azimuts. Apr\u00e8s lannulation de l\u00e9dition 2020, le festival de photographie revient dans une version <img decoding=\"async\" src=\"https:\/\/www.arles-info.fr\/wp-content\/uploads\/2019\/03\/20190312175619-0d0da777-me-756x504.jpg\" alt=\"rencontres photo en arles\" align=\"left\"> Jul 2, 2021 Du 4 juillet au 26 septembre 2021 se d\u00e9rouleront les Rencontres de la Photographie \u00e0 Arles. D\u00e9couvrez les artistes et temps forts \u00e0 ne pas.<\/p>\n","protected":false},"excerpt":{"rendered":"<p>Online shop homepage 111k Followers, 925 Following, 1965 Posts-See Instagram photos and videos from Les Rencontres dArles rencontresarles Dec 1, 2021 RENCONTRES INTERN DE LA PHOTO \u00e0 ARLES 13200 RCS, SIREN, SIRET, bilans, statuts, chiffre daffaires, dirigeants, cartographie, alertes Apr 15, 2021 Arles: la 52e \u00e9dition des Rencontres de la photographie sadapte et d\u00e9butera le [&hellip;]<\/p>\n","protected":false},"author":1,"featured_media":0,"comment_status":"closed","ping_status":"closed","sticky":false,"template":"","format":"standard","meta":{"footnotes":""},"categories":[],"tags":[],"class_list":["post-8693","post","type-post","status-publish","format-standard","hentry"],"_links":{"self":[{"href":"https:\/\/student.mads.org\/journal\/wp-json\/wp\/v2\/posts\/8693","targetHints":{"allow":["GET"]}}],"collection":[{"href":"https:\/\/student.mads.org\/journal\/wp-json\/wp\/v2\/posts"}],"about":[{"href":"https:\/\/student.mads.org\/journal\/wp-json\/wp\/v2\/types\/post"}],"author":[{"embeddable":true,"href":"https:\/\/student.mads.org\/journal\/wp-json\/wp\/v2\/users\/1"}],"replies":[{"embeddable":true,"href":"https:\/\/student.mads.org\/journal\/wp-json\/wp\/v2\/comments?post=8693"}],"version-history":[{"count":0,"href":"https:\/\/student.mads.org\/journal\/wp-json\/wp\/v2\/posts\/8693\/revisions"}],"wp:attachment":[{"href":"https:\/\/student.mads.org\/journal\/wp-json\/wp\/v2\/media?parent=8693"}],"wp:term":[{"taxonomy":"category","embeddable":true,"href":"https:\/\/student.mads.org\/journal\/wp-json\/wp\/v2\/categories?post=8693"},{"taxonomy":"post_tag","embeddable":true,"href":"https:\/\/student.mads.org\/journal\/wp-json\/wp\/v2\/tags?post=8693"}],"curies":[{"name":"wp","href":"https:\/\/api.w.org\/{rel}","templated":true}]}}